{"id":11544,"date":"2025-01-22T21:52:17","date_gmt":"2025-01-22T18:52:17","guid":{"rendered":"https:\/\/www.egemtv.com\/?p=11544"},"modified":"2025-01-22T21:52:19","modified_gmt":"2025-01-22T18:52:19","slug":"vali-ozkan-muhtarlarla-bir-araya-geldi","status":"publish","type":"post","link":"https:\/\/www.egemtv.com\/?p=11544","title":{"rendered":"Vali \u00d6zkan, muhtarlarla bir araya geldi"},"content":{"rendered":"<p>Manisa Valisi Vahdettin \u00d6zkan, \u015eehzadeler ve Yunusemre il\u00e7elerinde g\u00f6rev yapan muhtarla bir araya geldi. Vali \u00d6zkan, her bir talep i\u00e7in uygulanabilir eylem planlar\u0131n\u0131n olu\u015fturulaca\u011f\u0131na dikkat \u00e7ekti.<br \/>\n<br \/>Manisa \u0130l Tar\u0131m ve Orman M\u00fcd\u00fcrl\u00fc\u011f\u00fc konferans salonunda ger\u00e7ekle\u015ftirilen toplant\u0131ya Vali Vahdettin \u00d6zkan\u2019\u0131n yan\u0131 s\u0131ra Vali Yard\u0131mc\u0131lar\u0131 Mustafa Harputlu ve Mutafa \u00d6zkaynak, \u015eehzadeler Kaymakam\u0131 Fatih Genel, Yunusemre Kaymakam\u0131 Atilla Kantay, kurum m\u00fcd\u00fcrleri ve muhtarlar kat\u0131ld\u0131. Toplant\u0131n\u0131n a\u00e7\u0131l\u0131\u015f konu\u015fmas\u0131n\u0131 yapan Vali \u00d6zkan, \u00f6nemli bir g\u00f6revi \u00fcstlenen muhtarlar\u0131m\u0131zla hem tan\u0131\u015fma hem de talep ve sorunlar\u0131 dinleyerek \u00e7\u00f6z\u00fcm bulmak amac\u0131yla bu toplant\u0131y\u0131 d\u00fczenlediklerini belirtti.<\/p>\n<p>Taleplerin \u00e7o\u011fu toplant\u0131 \u00f6ncesinde al\u0131n\u0131p analiz edildi<br \/>\n<br \/>Belediyeler, emniyet, jandarma, kurum m\u00fcd\u00fcrleri ve temsilcileri ile toplant\u0131y\u0131 daha verimli k\u0131lmak i\u00e7in gerekli \u00e7al\u0131\u015fmalar\u0131n yap\u0131ld\u0131\u011f\u0131n\u0131 ifade eden Vali \u00d6zkan, toplant\u0131 \u00f6ncesinde de mahallelerde iyile\u015ftirmeye a\u00e7\u0131k alanlara ili\u015fkin \u00e7al\u0131\u015fma yap\u0131ld\u0131\u011f\u0131n\u0131 s\u00f6yledi.<br \/>\n<br \/>Yap\u0131lan \u00e7al\u0131\u015fmalarda bir\u00e7ok mahallenin ortak sorunlar\u0131n\u0131n oldu\u011funu dile getiren Vali \u00d6zkan, bu konularla ilgili h\u00fck\u00fcmet icraatlar\u0131 ve yat\u0131r\u0131m program\u0131 kapsam\u0131nda gerekli \u00e7al\u0131\u015fmalar\u0131n yap\u0131ld\u0131\u011f\u0131n\u0131, muhtarlar\u0131n da bu s\u00fcrece katk\u0131 sunmas\u0131n\u0131n mahallelerdeki hizmetlerde verimlili\u011fi art\u0131raca\u011f\u0131n\u0131 dile getirdi.<\/p>\n<p>\u00c7\u00f6z\u00fcm odakl\u0131 ve izlenebilir \u00e7al\u0131\u015fmalar<br \/>\n<br \/>\u00c7\u00f6z\u00fcm odakl\u0131 ve izlenebilir \u00e7al\u0131\u015fmalar i\u00e7in genel bir \u00e7er\u00e7eve belirlenece\u011fini dile getiren Vali \u00d6zkan, \u201cValilik i\u015f takip sistemindeki arkada\u015flar\u0131m\u0131z sizinle ileti\u015fim halinde olacaklar. Taleplerinizin analizini bu sistem \u00fczerinden yapacak, sorun ve talebe ili\u015fkin yol haritas\u0131 belirleyece\u011fiz. Bu sistemde yap\u0131lan \u00e7al\u0131\u015fmalarda izlenebilir olacak. Taleplerle ilgili muhtarlar\u0131m\u0131za da bilgi verilecek\u201d dedi.<\/p>\n<p>&#8220;Hizmetlerin iyile\u015ftirilmesi ad\u0131na muhtarlar\u0131m\u0131zdan beklentilerimiz var&#8221;<br \/>\n<br \/>Vatanda\u015flar\u0131n ve mahallenin ihtiya\u00e7lar\u0131n\u0131 en yak\u0131ndan g\u00f6rd\u00fcklerini bu nedenle hem devletin hem de vatanda\u015flar\u0131n muhtarlardan beklentileri oldu\u011funu ifade eden Vali \u00d6zkan konu\u015fmas\u0131n\u0131n devam\u0131nda, \u201cSizler, mahallenizdeki sorunlarla daha yak\u0131ndan ilgilenen ki\u015filer olarak bu konuda bizden daha fazla bilgiye sahipsiniz. Bizler, genel anlamda \u015fehrimize y\u00f6nelik neler yapt\u0131\u011f\u0131m\u0131z\u0131, neler yapmak istedi\u011fimizi ve mahallelerimizle ilgili planlar\u0131m\u0131z\u0131 payla\u015farak sizlerle birlikte yol al\u0131yoruz. Bu toplant\u0131lar, \u015fehrimizdeki ortak sorunlar\u0131 belirleyip, bunlar\u0131 \u00e7\u00f6zmek i\u00e7in bizlere i\u015f birli\u011fi yapma f\u0131rsat\u0131 sunuyor. Toplant\u0131lardan ald\u0131\u011f\u0131m\u0131z bilgiler ve yapt\u0131\u011f\u0131m\u0131z analizlerle, hangi kurumla hangi \u00f6nerileri payla\u015fmam\u0131z gerekti\u011fini ve hangi ortak projeleri ger\u00e7ekle\u015ftirece\u011fimizi belirliyoruz. Bu s\u00fcre\u00e7, sizlerin talepleri do\u011frultusunda mahallelerdeki hizmetleri daha verimli hale getirebilmemiz i\u00e7in \u00f6nemli bir ad\u0131m atmam\u0131za yard\u0131mc\u0131 oluyor&#8221; \u015feklinde konu\u015ftu.<br \/>\n<br \/>Vali \u00d6zkan, bu toplant\u0131lar\u0131n iki y\u00f6nl\u00fc bir ileti\u015fim s\u00fcreci olarak b\u00fcy\u00fck \u00f6nem ta\u015f\u0131d\u0131\u011f\u0131n\u0131 belirterek, \u201cBir yandan sizlerin taleplerini al\u0131rken, di\u011fer yandan ise kamu hizmetlerine ili\u015fkin sizlere verece\u011fimiz \u00f6devler var. Ayr\u0131ca, sizler demokratik bir kurumun temsilcileri olarak, bu rol\u00fcn\u00fczle mahallelerinize hizmet etmek i\u00e7in \u00f6nemli bir sorumluluk ta\u015f\u0131yorsunuz&#8221; dedi.<\/p>\n<p>&#8220;Hedefimiz; daha \u00e7ok \u00fcreten, daha rekabet\u00e7i, daha ya\u015fanabilir Manisa&#8221;<br \/>\n<br \/>\u015eehrin gelece\u011fi i\u00e7in en \u00f6nemli konulardan birinin e\u011fitim hizmetlerinin yayg\u0131nla\u015ft\u0131r\u0131lmas\u0131 oldu\u011funu vurgulayan Vali \u00d6zkan, \u201cArt\u0131k \u00e7ocuklar\u0131m\u0131z \u00e7ok h\u0131zl\u0131 bir \u015fekilde bilgiye eri\u015febiliyor, ancak bu bilgilerin beceriye d\u00f6n\u00fc\u015ft\u00fcr\u00fclmesi de son derece \u00f6nemlidir. Dolay\u0131s\u0131yla, bilgiyi beceriye d\u00f6n\u00fc\u015ft\u00fcren  bir \u015fehir  istiyoruz. Ayr\u0131ca, \u015fehrimizin rekabet g\u00fcc\u00fcn\u00fc art\u0131rabilmek i\u00e7in yenilik\u00e7i teknolojileri etkin kullan\u0131lmas\u0131 \u00f6nemli. Bunun yan\u0131 s\u0131ra, g\u00fcvenli ve dengeli bir mek\u00e2nsal planlama da elzemdir. Bu konuda, ilgili bakanl\u0131klar\u0131m\u0131z ve belediyelerimiz de \u00e7al\u0131\u015fmalar y\u00fcr\u00fctmektedir&#8221; \u015feklinde konu\u015ftu.<br \/>\n<br \/>Di\u011fer \u00f6nemli bir konunun \u015fehrin ekonomik g\u00fcvenli\u011fi oldu\u011funa dikkat \u00e7eken Vali \u00d6zkan, \u201c\u0130nsanlar\u0131m\u0131z\u0131n gelece\u011fini g\u00fcvence alt\u0131na alabilmek i\u00e7in, \u00fcretim yapan firmalar\u0131n d\u00fcnya \u00e7ap\u0131nda rekabet\u00e7i bir yap\u0131ya sahip olmas\u0131 gerekiyor. \u00dcretilen \u00fcr\u00fcnlerin katma de\u011ferinin y\u00fcksek olmas\u0131, \u015fehrimizin kalk\u0131nmas\u0131 i\u00e7in kritik \u00f6neme sahiptir. Ayr\u0131ca, \u00e7evresel de\u011ferlerin korunmas\u0131 da bizim i\u00e7in \u00e7ok \u00f6nemli. \u015eehir olarak, \u00e7evresel ve k\u00fclt\u00fcrel de\u011ferlerimizi koruyarak Manisa\u2019y\u0131 daha ya\u015fanabilir bir yer haline getirmek i\u00e7in hepimize b\u00fcy\u00fck g\u00f6revler d\u00fc\u015fmektedir. Hem binlerce y\u0131ll\u0131k kadim \u015fehrimizin kimli\u011fini koruyarak gelecek nesillere aktarmak hem de ekonomiye katk\u0131 sa\u011flamak son derece k\u0131ymetlidir&#8221; dedi.<br \/>\n<br \/>Toplant\u0131n\u0131n ana konular\u0131ndan birinin de kamu hizmetlerine yayg\u0131n eri\u015fimin sa\u011flanmas\u0131 oldu\u011funu belirten Vali \u00d6zkan, \u201cBu hizmetlerin, ayn\u0131 zamanda vatanda\u015flar\u0131m\u0131z\u0131n sorumluluk bilinciyle yerine getirilmesi \u00f6nemlidir. Her vatanda\u015f\u0131m\u0131z, bu hizmetlerden faydalan\u0131rken \u00fczerlerine d\u00fc\u015fen sorumluluklar\u0131 yerine getirirse, \u015fehrimizin geli\u015fimine katk\u0131 sa\u011flam\u0131\u015f olacakt\u0131r. \u015eehrimizin cazibe merkezi olma noktas\u0131nda, sanayi ve tar\u0131m aras\u0131ndaki denge \u00f6nemli bir yer tutuyor. Sanayi ve tar\u0131m birbirini tamamlayan iki b\u00fcy\u00fck sekt\u00f6rd\u00fcr. G\u0131da g\u00fcvenli\u011fi ve gelecek nesillere sa\u011fl\u0131kl\u0131 g\u0131da sunma hedefi, d\u00fcnya \u00e7ap\u0131nda stratejik bir durumdur. Bu g\u00fcvenli\u011fi sa\u011flarken, g\u00fc\u00e7l\u00fc bilgi ve teknolojilerini kullanmam\u0131z gerekiyor. Sanayi ve tar\u0131m aras\u0131ndaki pozitif etkile\u015fim, \u00e7evre dostu ve s\u00fcrd\u00fcr\u00fclebilir bir yap\u0131 kurmam\u0131z\u0131 m\u00fcmk\u00fcn k\u0131lacakt\u0131r.\u201d diye konu\u015ftu.<\/p>\n<p>Afetlere kar\u015f\u0131 haz\u0131r bir Manisa<br \/>\n<br \/>Vali \u00d6zkan konu\u015fmas\u0131n\u0131 \u015f\u00f6yle tamamlad\u0131: \u201cBir di\u011fer \u00f6nemli konumuz ise afet planlar\u0131n\u0131n uygulanmas\u0131 ve afet sonras\u0131 m\u00fcdahalelerdir. Afet \u00f6ncesi risk y\u00f6netiminde de, her bir muhtar\u0131m\u0131za d\u00fc\u015fen \u00f6nemli g\u00f6revler vard\u0131r. Bu konuda, ilgili kamu kurumlar\u0131 ve sivil toplum kurulu\u015flar\u0131yla i\u015f birli\u011fi i\u00e7inde \u00e7al\u0131\u015farak, vatanda\u015flar\u0131m\u0131z\u0131 afetlere kar\u015f\u0131 daha bilin\u00e7li hale getirmemiz gerekmektedir.\u201d<br \/>\n<br \/>Toplant\u0131, muhtarlar\u0131n s\u00f6z alarak mahallelerine ili\u015fkin talep ve isteklerini Vali Vahdettin \u00d6zkan\u2019a iletmesi, iletilen taleplerle ilgili yol haritalar\u0131n\u0131n olu\u015fturulmas\u0131 ile sona erdi.<br \/><\/p>\n","protected":false},"excerpt":{"rendered":"<p>Manisa Valisi Vahdettin \u00d6zkan, \u015eehzadeler ve Yunusemre il\u00e7elerinde g\u00f6rev yapan muhtarla bir araya geldi. Vali \u00d6zkan, her bir talep i\u00e7in uygulanabilir eylem planlar\u0131n\u0131n olu\u015fturulaca\u011f\u0131na dikkat \u00e7ekti. Manisa \u0130l Tar\u0131m ve Orman M\u00fcd\u00fcrl\u00fc\u011f\u00fc konferans salonunda ger\u00e7ekle\u015ftirilen toplant\u0131ya Vali Vahdettin \u00d6zkan\u2019\u0131n yan\u0131 s\u0131ra Vali Yard\u0131mc\u0131lar\u0131 Mustafa Harputlu ve Mutafa \u00d6zkaynak, \u015eehzadeler Kaymakam\u0131 Fatih Genel, Yunusemre Kaymakam\u0131 Atilla&#8230;<\/p>\n","protected":false},"author":1,"featured_media":11545,"comment_status":"open","ping_status":"open","sticky":false,"template":"","format":"standard","meta":{"_crdt_document":"","footnotes":""},"categories":[127],"tags":[],"class_list":["post-11544","post","type-post","status-publish","format-standard","has-post-thumbnail","hentry","category-siyaset"],"_links":{"self":[{"href":"https:\/\/www.egemtv.com\/index.php?rest_route=\/wp\/v2\/posts\/11544","targetHints":{"allow":["GET"]}}],"collection":[{"href":"https:\/\/www.egemtv.com\/index.php?rest_route=\/wp\/v2\/posts"}],"about":[{"href":"https:\/\/www.egemtv.com\/index.php?rest_route=\/wp\/v2\/types\/post"}],"author":[{"embeddable":true,"href":"https:\/\/www.egemtv.com\/index.php?rest_route=\/wp\/v2\/users\/1"}],"replies":[{"embeddable":true,"href":"https:\/\/www.egemtv.com\/index.php?rest_route=%2Fwp%2Fv2%2Fcomments&post=11544"}],"version-history":[{"count":1,"href":"https:\/\/www.egemtv.com\/index.php?rest_route=\/wp\/v2\/posts\/11544\/revisions"}],"predecessor-version":[{"id":11546,"href":"https:\/\/www.egemtv.com\/index.php?rest_route=\/wp\/v2\/posts\/11544\/revisions\/11546"}],"wp:featuredmedia":[{"embeddable":true,"href":"https:\/\/www.egemtv.com\/index.php?rest_route=\/wp\/v2\/media\/11545"}],"wp:attachment":[{"href":"https:\/\/www.egemtv.com\/index.php?rest_route=%2Fwp%2Fv2%2Fmedia&parent=11544"}],"wp:term":[{"taxonomy":"category","embeddable":true,"href":"https:\/\/www.egemtv.com\/index.php?rest_route=%2Fwp%2Fv2%2Fcategories&post=11544"},{"taxonomy":"post_tag","embeddable":true,"href":"https:\/\/www.egemtv.com\/index.php?rest_route=%2Fwp%2Fv2%2Ftags&post=11544"}],"curies":[{"name":"wp","href":"https:\/\/api.w.org\/{rel}","templated":true}]}}