{"id":11535,"date":"2025-01-22T20:07:18","date_gmt":"2025-01-22T17:07:18","guid":{"rendered":"https:\/\/www.egemtv.com\/?p=11535"},"modified":"2025-01-22T20:07:20","modified_gmt":"2025-01-22T17:07:20","slug":"baskan-arastan-ogrencilere-karne-hediyesi","status":"publish","type":"post","link":"https:\/\/www.egemtv.com\/?p=11535","title":{"rendered":"Ba\u015fkan Aras\u2019tan \u00f6\u011frencilere \u2018Karne\u2019 hediyesi"},"content":{"rendered":"<p>Mu\u011fla\u2019n\u0131n her il\u00e7esinden \u00e7ocuklar\u0131n kat\u0131labilece\u011fi \u2018\u00c7ocuk Film G\u00fcnleri\u2019 Mente\u015fe\u2019de bulunan T\u00fcrkan Saylan \u00c7a\u011fda\u015f Ya\u015fam Merkezi\u2019nde \u2018Bak \u015eu Leyle\u011fe 2: Z\u00fcmr\u00fct Ta\u015f\u0131n\u0131n Pe\u015finde\u2019 filmiyle ba\u015flad\u0131. Mu\u011fla B\u00fcy\u00fck\u015fehir Belediyesi\u2019nin d\u00fczenledi\u011fi etkinlik yar\u0131y\u0131l tatilinin sonuna kadar devam edecek. 2 seans olarak yap\u0131lan \u00c7ocuk Film G\u00fcnleri\u2019nde g\u00fcnde 2 ayr\u0131 film g\u00f6sterimi yap\u0131l\u0131yor. 13.00 ve 16.00 saatlerinde g\u00f6sterilen filmler \u00e7ocuklara ne\u015fe oluyor.<br \/>\n<br \/>\u00c7ocuklar ger\u00e7ek sinema deneyimi ya\u015fad\u0131<br \/>\n<br \/>\u00d6zellikle k\u0131rsal mahallelerde ya\u015fayan \u00e7ocuklar\u0131n ilk sinema deneyiminin ger\u00e7ekle\u015fti\u011fi etkinli\u011fe g\u00fcnde yakla\u015f\u0131k 150 \u00e7ocu\u011fun kat\u0131l\u0131m sa\u011flamas\u0131 planlan\u0131yor. 1 \u015eubat Cumartesi g\u00fcn\u00fcne kadar s\u00fcrecek etkinlikte giri\u015fte \u00e7ocuklara patlam\u0131\u015f m\u0131s\u0131r ve sinema bileti da\u011f\u0131t\u0131larak ger\u00e7ek sinema deneyimi ya\u015fat\u0131l\u0131yor.<br \/>\n<br \/>\u00c7ocuk film g\u00fcnleri program\u0131<br \/>\n<br \/>\u00c7ocuk Film G\u00fcnleri kapsam\u0131nda, 23 Ocak 2025 Per\u015fembe g\u00fcn\u00fc saat 13.00\u2019te \u2018\u00c7\u0131lg\u0131n Dostum Finnik\u2019, saat 16.00\u2019da \u2018Bak \u015eu Leyle\u011fe 2: Z\u00fcmr\u00fct Ta\u015f\u0131n\u0131n Pe\u015finde\u2019 izleyicilerle bulu\u015facak. 25 Ocak 2025 Cumartesi g\u00fcn\u00fc saat 13.00\u2019te \u2018Bak \u015eu Leyle\u011fe 2: Z\u00fcmr\u00fct Ta\u015f\u0131n\u0131n Pe\u015finde\u2019, saat 16.00\u2019da ise \u2018\u00c7\u0131lg\u0131n Dostum Finnik\u2019 g\u00f6sterilecek. 2. Hafta program\u0131nda, 28 Ocak 2025 Sal\u0131 g\u00fcn\u00fc saat 13.00\u2019te \u2018D\u00fc\u015fler Fabrikas\u0131\u2019, saat 16.00\u2019da \u2018Kartopu Sava\u015flar\u0131 2\u2019 filmi g\u00f6sterilecektir. 30 Ocak 2025 Per\u015fembe g\u00fcn\u00fc saat 13.00\u2019te \u2018Kartopu Sava\u015flar\u0131 2\u2019, saat 16.00\u2019da ise \u2018D\u00fc\u015fler Fabrikas\u0131\u2019 izlenebilecektir. Son olarak, 1 \u015eubat 2025 Cumartesi g\u00fcn\u00fc saat 13.00\u2019te \u2018D\u00fc\u015fler Fabrikas\u0131\u2019, saat 16.00\u2019da ise \u2018Kartopu Sava\u015flar\u0131 2\u2019 g\u00f6sterime sunulacak.<br \/>\n<br \/>Eslemnaz G\u00fcm\u00fc\u015fta\u015f, \u201cOkullar tatil oldu\u011fu i\u00e7in evde s\u0131k\u0131l\u0131yorduk. Film g\u00fcnleri olunca hemen geldik. Film ba\u015flamadan \u00f6nce m\u0131s\u0131r ve bilet bile ald\u0131k. Bu film g\u00fcnleri i\u00e7in ba\u015fkan\u0131m\u0131za te\u015fekk\u00fcr ediyoruz.\u201d<br \/>\n<br \/>Minik Derin Deniz Orta, \u201cE\u011flenmek i\u00e7in geldik. Burada olmak \u00e7ok g\u00fczel bir his. Bu film g\u00fcnleri i\u00e7in Ahmet Amcaya \u00e7ok te\u015fekk\u00fcr ediyorum\u201d<br \/>\n<br \/>\u00c7ocuklar\u0131n tatilde daha g\u00fczel vakit ge\u00e7irmeleri i\u00e7in etkinli\u011fe geldiklerini s\u00f6yleyen Esentepe Mahalle Muhtar\u0131 Nimet Sar\u0131, \u201c30 \u00f6\u011frencimizle film g\u00fcnlerine geldik. \u00c7ocuklar\u0131m\u0131z\u0131 telefondan, tablette biraz olsun uzakla\u015fmalar\u0131 i\u00e7in bu etkinlikler \u00e7ok \u00f6nemli. Daha \u00f6nce sinemaya gitmemi\u015f \u00e7ocuklar\u0131m\u0131z b\u00fcy\u00fck bir heyecanla buraya geldiler. \u00c7ocuklar mutlu olunca biz de mutlu oluyoruz. Ba\u015fkan\u0131m\u0131za bize bu imk\u00e2n\u0131 sundu\u011fu i\u00e7in te\u015fekk\u00fcr ediyoruz\u201d dedi.<br \/>\n<br \/>Ba\u015fkan Aras: \u201c\u00c7ocuklar\u0131m\u0131za ger\u00e7ek sinema deneyimi ya\u015fat\u0131yoruz\u201d<br \/>\n<br \/>Mu\u011fla B\u00fcy\u00fck\u015fehir Belediye Ba\u015fkan\u0131 Ahmet Aras, \u201c\u00c7ocuklar\u0131m\u0131z\u0131n verimli bir yar\u0131y\u0131l tatili ge\u00e7irmelerini sa\u011flamak i\u00e7in film g\u00fcnlerini ba\u015flatt\u0131k. \u00d6zellikle k\u0131rsal mahallelerde daha \u00f6nce sinemaya gitmemi\u015f \u00e7ocuklar\u0131m\u0131za ger\u00e7ek sinema deneyimi ya\u015fatmay\u0131 hedefledik. Sinema, \u00e7ocuklar\u0131n geli\u015fimi ve hayal d\u00fcnyas\u0131 i\u00e7in, b\u00fcy\u00fcl\u00fc bir sanat. Burada \u00e7ocuklar birlikte film izleyerek tatilin keyfini \u00e7\u0131kar\u0131yorlar. \u00c7ocuklar gelece\u011fimizin teminat\u0131d\u0131r bunun i\u00e7in onlar\u0131n her alandaki geli\u015fimlerini \u00f6nemsiyoruz. \u00d6zellikle k\u0131rsal mahallelerdeki \u00e7ocuklar\u0131m\u0131z\u0131n hi\u00e7bir \u015feyden mahrum kalmamas\u0131 i\u00e7in gayret g\u00f6steriyoruz. B\u00fcy\u00fck\u015fehir Belediyesi olarak 13 il\u00e7e 574 mahallede t\u00fcm vatanda\u015flar\u0131m\u0131za, \u00e7ocuklar\u0131m\u0131za hizmetlerimizle ula\u015f\u0131yoruz\u201d<br \/><\/p>\n","protected":false},"excerpt":{"rendered":"<p>Mu\u011fla\u2019n\u0131n her il\u00e7esinden \u00e7ocuklar\u0131n kat\u0131labilece\u011fi \u2018\u00c7ocuk Film G\u00fcnleri\u2019 Mente\u015fe\u2019de bulunan T\u00fcrkan Saylan \u00c7a\u011fda\u015f Ya\u015fam Merkezi\u2019nde \u2018Bak \u015eu Leyle\u011fe 2: Z\u00fcmr\u00fct Ta\u015f\u0131n\u0131n Pe\u015finde\u2019 filmiyle ba\u015flad\u0131. Mu\u011fla B\u00fcy\u00fck\u015fehir Belediyesi\u2019nin d\u00fczenledi\u011fi etkinlik yar\u0131y\u0131l tatilinin sonuna kadar devam edecek. 2 seans olarak yap\u0131lan \u00c7ocuk Film G\u00fcnleri\u2019nde g\u00fcnde 2 ayr\u0131 film g\u00f6sterimi yap\u0131l\u0131yor. 13.00 ve 16.00 saatlerinde g\u00f6sterilen filmler \u00e7ocuklara&#8230;<\/p>\n","protected":false},"author":1,"featured_media":11536,"comment_status":"open","ping_status":"open","sticky":false,"template":"","format":"standard","meta":{"_crdt_document":"","footnotes":""},"categories":[123],"tags":[],"class_list":["post-11535","post","type-post","status-publish","format-standard","has-post-thumbnail","hentry","category-gundem"],"_links":{"self":[{"href":"https:\/\/www.egemtv.com\/index.php?rest_route=\/wp\/v2\/posts\/11535","targetHints":{"allow":["GET"]}}],"collection":[{"href":"https:\/\/www.egemtv.com\/index.php?rest_route=\/wp\/v2\/posts"}],"about":[{"href":"https:\/\/www.egemtv.com\/index.php?rest_route=\/wp\/v2\/types\/post"}],"author":[{"embeddable":true,"href":"https:\/\/www.egemtv.com\/index.php?rest_route=\/wp\/v2\/users\/1"}],"replies":[{"embeddable":true,"href":"https:\/\/www.egemtv.com\/index.php?rest_route=%2Fwp%2Fv2%2Fcomments&post=11535"}],"version-history":[{"count":1,"href":"https:\/\/www.egemtv.com\/index.php?rest_route=\/wp\/v2\/posts\/11535\/revisions"}],"predecessor-version":[{"id":11537,"href":"https:\/\/www.egemtv.com\/index.php?rest_route=\/wp\/v2\/posts\/11535\/revisions\/11537"}],"wp:featuredmedia":[{"embeddable":true,"href":"https:\/\/www.egemtv.com\/index.php?rest_route=\/wp\/v2\/media\/11536"}],"wp:attachment":[{"href":"https:\/\/www.egemtv.com\/index.php?rest_route=%2Fwp%2Fv2%2Fmedia&parent=11535"}],"wp:term":[{"taxonomy":"category","embeddable":true,"href":"https:\/\/www.egemtv.com\/index.php?rest_route=%2Fwp%2Fv2%2Fcategories&post=11535"},{"taxonomy":"post_tag","embeddable":true,"href":"https:\/\/www.egemtv.com\/index.php?rest_route=%2Fwp%2Fv2%2Ftags&post=11535"}],"curies":[{"name":"wp","href":"https:\/\/api.w.org\/{rel}","templated":true}]}}