{"id":11532,"date":"2025-01-22T19:00:32","date_gmt":"2025-01-22T16:00:32","guid":{"rendered":"https:\/\/www.egemtv.com\/?p=11532"},"modified":"2025-01-22T19:00:34","modified_gmt":"2025-01-22T16:00:34","slug":"insan-kacakcisi-lastik-botu-sahil-guvenlik-botunun-uzerine-surdu","status":"publish","type":"post","link":"https:\/\/www.egemtv.com\/?p=11532","title":{"rendered":"\u0130nsan ka\u00e7ak\u00e7\u0131s\u0131 lastik botu Sahil G\u00fcvenlik botunun \u00fczerine s\u00fcrd\u00fc"},"content":{"rendered":"<p>Mu\u011fla k\u0131y\u0131 \u015ferinde lastik botu Sahil G\u00fcvenlik botunun \u00fczerine s\u00fcrerek ka\u00e7maya \u00e7al\u0131\u015fan 2 g\u00f6\u00e7men ka\u00e7ak\u00e7\u0131s\u0131, ya\u015fanan kovalamaca sonucu yakaland\u0131. Kara \u00fczerine b\u0131rak\u0131lan 20\u2019si \u00e7ocuk 59 d\u00fczensiz g\u00f6\u00e7men de Sahil G\u00fcvenlik ekipleri taraf\u0131ndan yakaland\u0131.<br \/>\n<br \/>Edinilen bilgiye g\u00f6re, Sahil G\u00fcvenlik \u0130nsans\u0131z Hava Arac\u0131 taraf\u0131ndan Fethiye k\u0131y\u0131 \u015feridinde y\u00fcksek s\u00fcratli \u015f\u00fcpheli bir fiber karinal\u0131 lastik bot tespit edildi. B\u00f6lgeye acil olarak 6 Sahil G\u00fcvenlik Botu ve Sahil G\u00fcvenlik Ka\u00e7ak\u00e7\u0131l\u0131k ve Organize Su\u00e7larla M\u00fccadele (KOM) Timi sevk edildi.<br \/>\n<br \/>B\u00f6lgeye intikal eden Sahil G\u00fcvenlik Unsurlar\u0131 ve Sahil G\u00fcvenlik Ka\u00e7ak\u00e7\u0131l\u0131k ve Organize Su\u00e7larla M\u00fccadele (KOM) Timi taraf\u0131ndan hareket halindeki fiber karinal\u0131 lastik bot takip edildi. Takip esnas\u0131nda insan ka\u00e7ak\u00e7\u0131lar\u0131 lastik botu Sahil G\u00fcvenlik botunun \u00fczerine s\u00fcrerek ka\u00e7maya \u00e7al\u0131\u015ft\u0131. Yap\u0131lan takip neticesinde kara \u00fczerine b\u0131rak\u0131lan 39 d\u00fczensiz g\u00f6\u00e7men ve beraberinde 20 \u00e7ocuk ile denize atlayarak ka\u00e7maya \u00e7al\u0131\u015fan 1 ve fiber karinal\u0131 lastik bot i\u00e7erisinden 1 olmak \u00fczere toplam 2 g\u00f6\u00e7men ka\u00e7ak\u00e7\u0131s\u0131 \u015f\u00fcphelisi yakaland\u0131.<br \/><\/p>\n","protected":false},"excerpt":{"rendered":"<p>Mu\u011fla k\u0131y\u0131 \u015ferinde lastik botu Sahil G\u00fcvenlik botunun \u00fczerine s\u00fcrerek ka\u00e7maya \u00e7al\u0131\u015fan 2 g\u00f6\u00e7men ka\u00e7ak\u00e7\u0131s\u0131, ya\u015fanan kovalamaca sonucu yakaland\u0131. Kara \u00fczerine b\u0131rak\u0131lan 20\u2019si \u00e7ocuk 59 d\u00fczensiz g\u00f6\u00e7men de Sahil G\u00fcvenlik ekipleri taraf\u0131ndan yakaland\u0131. Edinilen bilgiye g\u00f6re, Sahil G\u00fcvenlik \u0130nsans\u0131z Hava Arac\u0131 taraf\u0131ndan Fethiye k\u0131y\u0131 \u015feridinde y\u00fcksek s\u00fcratli \u015f\u00fcpheli bir fiber karinal\u0131 lastik bot tespit edildi&#8230;.<\/p>\n","protected":false},"author":1,"featured_media":11533,"comment_status":"open","ping_status":"open","sticky":false,"template":"","format":"standard","meta":{"_crdt_document":"","footnotes":""},"categories":[5],"tags":[],"class_list":["post-11532","post","type-post","status-publish","format-standard","has-post-thumbnail","hentry","category-asayis"],"_links":{"self":[{"href":"https:\/\/www.egemtv.com\/index.php?rest_route=\/wp\/v2\/posts\/11532","targetHints":{"allow":["GET"]}}],"collection":[{"href":"https:\/\/www.egemtv.com\/index.php?rest_route=\/wp\/v2\/posts"}],"about":[{"href":"https:\/\/www.egemtv.com\/index.php?rest_route=\/wp\/v2\/types\/post"}],"author":[{"embeddable":true,"href":"https:\/\/www.egemtv.com\/index.php?rest_route=\/wp\/v2\/users\/1"}],"replies":[{"embeddable":true,"href":"https:\/\/www.egemtv.com\/index.php?rest_route=%2Fwp%2Fv2%2Fcomments&post=11532"}],"version-history":[{"count":1,"href":"https:\/\/www.egemtv.com\/index.php?rest_route=\/wp\/v2\/posts\/11532\/revisions"}],"predecessor-version":[{"id":11534,"href":"https:\/\/www.egemtv.com\/index.php?rest_route=\/wp\/v2\/posts\/11532\/revisions\/11534"}],"wp:featuredmedia":[{"embeddable":true,"href":"https:\/\/www.egemtv.com\/index.php?rest_route=\/wp\/v2\/media\/11533"}],"wp:attachment":[{"href":"https:\/\/www.egemtv.com\/index.php?rest_route=%2Fwp%2Fv2%2Fmedia&parent=11532"}],"wp:term":[{"taxonomy":"category","embeddable":true,"href":"https:\/\/www.egemtv.com\/index.php?rest_route=%2Fwp%2Fv2%2Fcategories&post=11532"},{"taxonomy":"post_tag","embeddable":true,"href":"https:\/\/www.egemtv.com\/index.php?rest_route=%2Fwp%2Fv2%2Ftags&post=11532"}],"curies":[{"name":"wp","href":"https:\/\/api.w.org\/{rel}","templated":true}]}}