{"id":11526,"date":"2025-01-22T18:39:52","date_gmt":"2025-01-22T15:39:52","guid":{"rendered":"https:\/\/www.egemtv.com\/?p=11526"},"modified":"2025-01-22T18:39:54","modified_gmt":"2025-01-22T15:39:54","slug":"afyonkarahisarda-umre-kafilesi-dualarla-ugurlandi","status":"publish","type":"post","link":"https:\/\/www.egemtv.com\/?p=11526","title":{"rendered":"Afyonkarahisar\u2019da umre kafilesi dualarla u\u011furland\u0131"},"content":{"rendered":"<p>Afyonkarahisar\u2019da s\u00f6mestirde umreye gidecek 200 ki\u015fi i\u00e7in u\u011furlama program\u0131 d\u00fczenlendi.<br \/>\n<br \/>Organizasyon yetkilisi Bilal \u015eenel ve din g\u00f6revlileri, Fuar Alan\u0131\u2019nda d\u00fczenlenen programda, umre ibadeti hakk\u0131nda bilgilendirme yapt\u0131. Kur\u2019an-\u0131 Kerim tilavetiyle birlikte ilahiler okundu, dua edilmesinin ard\u0131ndan 200 ki\u015fi, kutsal topraklara u\u011furland\u0131. \u015eenel, yapt\u0131\u011f\u0131 a\u00e7\u0131klamada, &#8220;Recep ay\u0131nda Allah\u2019\u0131n beldesi Haremi Kabe\u2019yi muazzamada Allah\u2019\u0131n misafirleri olarak aram\u0131zdan se\u00e7ilen el\u00e7ileri, beldemize, milletimize, vatan\u0131m\u0131za, \u00fcmmete ve insanl\u0131k i\u00e7in dua etmek \u00fczere u\u011furluyoruz. S\u00f6mestir tatilini ibadetle ve Allah\u2019a yak\u0131n olabilmek amac\u0131yla ge\u00e7irece\u011fiz&#8221; dedi.<br \/>\n<br \/>Programa, umreciye gidenlerin yak\u0131nlar\u0131 ve \u00e7ok say\u0131da vatanda\u015f kat\u0131ld\u0131.<br \/><\/p>\n","protected":false},"excerpt":{"rendered":"<p>Afyonkarahisar\u2019da s\u00f6mestirde umreye gidecek 200 ki\u015fi i\u00e7in u\u011furlama program\u0131 d\u00fczenlendi. Organizasyon yetkilisi Bilal \u015eenel ve din g\u00f6revlileri, Fuar Alan\u0131\u2019nda d\u00fczenlenen programda, umre ibadeti hakk\u0131nda bilgilendirme yapt\u0131. Kur\u2019an-\u0131 Kerim tilavetiyle birlikte ilahiler okundu, dua edilmesinin ard\u0131ndan 200 ki\u015fi, kutsal topraklara u\u011furland\u0131. \u015eenel, yapt\u0131\u011f\u0131 a\u00e7\u0131klamada, &#8220;Recep ay\u0131nda Allah\u2019\u0131n beldesi Haremi Kabe\u2019yi muazzamada Allah\u2019\u0131n misafirleri olarak aram\u0131zdan se\u00e7ilen&#8230;<\/p>\n","protected":false},"author":1,"featured_media":11527,"comment_status":"open","ping_status":"open","sticky":false,"template":"","format":"standard","meta":{"_crdt_document":"","footnotes":""},"categories":[1],"tags":[],"class_list":["post-11526","post","type-post","status-publish","format-standard","has-post-thumbnail","hentry","category-guncel"],"_links":{"self":[{"href":"https:\/\/www.egemtv.com\/index.php?rest_route=\/wp\/v2\/posts\/11526","targetHints":{"allow":["GET"]}}],"collection":[{"href":"https:\/\/www.egemtv.com\/index.php?rest_route=\/wp\/v2\/posts"}],"about":[{"href":"https:\/\/www.egemtv.com\/index.php?rest_route=\/wp\/v2\/types\/post"}],"author":[{"embeddable":true,"href":"https:\/\/www.egemtv.com\/index.php?rest_route=\/wp\/v2\/users\/1"}],"replies":[{"embeddable":true,"href":"https:\/\/www.egemtv.com\/index.php?rest_route=%2Fwp%2Fv2%2Fcomments&post=11526"}],"version-history":[{"count":1,"href":"https:\/\/www.egemtv.com\/index.php?rest_route=\/wp\/v2\/posts\/11526\/revisions"}],"predecessor-version":[{"id":11528,"href":"https:\/\/www.egemtv.com\/index.php?rest_route=\/wp\/v2\/posts\/11526\/revisions\/11528"}],"wp:featuredmedia":[{"embeddable":true,"href":"https:\/\/www.egemtv.com\/index.php?rest_route=\/wp\/v2\/media\/11527"}],"wp:attachment":[{"href":"https:\/\/www.egemtv.com\/index.php?rest_route=%2Fwp%2Fv2%2Fmedia&parent=11526"}],"wp:term":[{"taxonomy":"category","embeddable":true,"href":"https:\/\/www.egemtv.com\/index.php?rest_route=%2Fwp%2Fv2%2Fcategories&post=11526"},{"taxonomy":"post_tag","embeddable":true,"href":"https:\/\/www.egemtv.com\/index.php?rest_route=%2Fwp%2Fv2%2Ftags&post=11526"}],"curies":[{"name":"wp","href":"https:\/\/api.w.org\/{rel}","templated":true}]}}