{"id":11523,"date":"2025-01-22T18:03:05","date_gmt":"2025-01-22T15:03:05","guid":{"rendered":"https:\/\/www.egemtv.com\/?p=11523"},"modified":"2025-01-22T18:03:08","modified_gmt":"2025-01-22T15:03:08","slug":"usakta-otomobil-takla-atti-1-agir-yarali","status":"publish","type":"post","link":"https:\/\/www.egemtv.com\/?p=11523","title":{"rendered":"U\u015fak\u2019ta otomobil takla att\u0131: 1 a\u011f\u0131r yaral\u0131"},"content":{"rendered":"<p>U\u015fak\u2019ta otomobilin takla atmas\u0131 sonucu s\u00fcr\u00fcc\u00fc a\u011f\u0131r yaralanarak hastaneye kald\u0131r\u0131ld\u0131.<br \/>\n<br \/>Edinilen bilgilere g\u00f6re, D.T. (80) y\u00f6netimindeki 45 KA 2697 plakal\u0131 otomobil U\u015fak-\u0130zmir karayolu \u00fczerinde seyir halindeyken Alanyurt K\u00f6y\u00fc yak\u0131nlar\u0131na geldi\u011finde direksiyon hakimiyetini kaybetmesi sonucu takla atarak yol kenar\u0131nda bulunan tarlaya devrildi.<br \/>\n<br \/>\u00c7evredeki vatanda\u015flar\u0131n ihbar\u0131 \u00fczerine b\u00f6lgeye 112 Sa\u011fl\u0131k, polis, jandarma ve itfaiye ekipleri sevk edildi. \u0130tfaiye ekiplerince s\u0131k\u0131\u015ft\u0131\u011f\u0131 yerden \u00e7\u0131kart\u0131lan s\u00fcr\u00fcc\u00fc, 112 Sa\u011fl\u0131k ekiplerince U\u015fak E\u011fitim ve Ara\u015ft\u0131rma Hastanesi\u2019ne kald\u0131r\u0131ld\u0131.<br \/>\n<br \/>Kazayla ilgili inceleme ba\u015flat\u0131l\u0131rken, s\u00fcr\u00fcc\u00fcn\u00fcn hayati tehlikesinin oldu\u011fu \u00f6\u011frenildi.<br \/><\/p>\n","protected":false},"excerpt":{"rendered":"<p>U\u015fak\u2019ta otomobilin takla atmas\u0131 sonucu s\u00fcr\u00fcc\u00fc a\u011f\u0131r yaralanarak hastaneye kald\u0131r\u0131ld\u0131. Edinilen bilgilere g\u00f6re, D.T. (80) y\u00f6netimindeki 45 KA 2697 plakal\u0131 otomobil U\u015fak-\u0130zmir karayolu \u00fczerinde seyir halindeyken Alanyurt K\u00f6y\u00fc yak\u0131nlar\u0131na geldi\u011finde direksiyon hakimiyetini kaybetmesi sonucu takla atarak yol kenar\u0131nda bulunan tarlaya devrildi. \u00c7evredeki vatanda\u015flar\u0131n ihbar\u0131 \u00fczerine b\u00f6lgeye 112 Sa\u011fl\u0131k, polis, jandarma ve itfaiye ekipleri sevk edildi&#8230;.<\/p>\n","protected":false},"author":1,"featured_media":11524,"comment_status":"open","ping_status":"open","sticky":false,"template":"","format":"standard","meta":{"_crdt_document":"","footnotes":""},"categories":[5],"tags":[],"class_list":["post-11523","post","type-post","status-publish","format-standard","has-post-thumbnail","hentry","category-asayis"],"_links":{"self":[{"href":"https:\/\/www.egemtv.com\/index.php?rest_route=\/wp\/v2\/posts\/11523","targetHints":{"allow":["GET"]}}],"collection":[{"href":"https:\/\/www.egemtv.com\/index.php?rest_route=\/wp\/v2\/posts"}],"about":[{"href":"https:\/\/www.egemtv.com\/index.php?rest_route=\/wp\/v2\/types\/post"}],"author":[{"embeddable":true,"href":"https:\/\/www.egemtv.com\/index.php?rest_route=\/wp\/v2\/users\/1"}],"replies":[{"embeddable":true,"href":"https:\/\/www.egemtv.com\/index.php?rest_route=%2Fwp%2Fv2%2Fcomments&post=11523"}],"version-history":[{"count":1,"href":"https:\/\/www.egemtv.com\/index.php?rest_route=\/wp\/v2\/posts\/11523\/revisions"}],"predecessor-version":[{"id":11525,"href":"https:\/\/www.egemtv.com\/index.php?rest_route=\/wp\/v2\/posts\/11523\/revisions\/11525"}],"wp:featuredmedia":[{"embeddable":true,"href":"https:\/\/www.egemtv.com\/index.php?rest_route=\/wp\/v2\/media\/11524"}],"wp:attachment":[{"href":"https:\/\/www.egemtv.com\/index.php?rest_route=%2Fwp%2Fv2%2Fmedia&parent=11523"}],"wp:term":[{"taxonomy":"category","embeddable":true,"href":"https:\/\/www.egemtv.com\/index.php?rest_route=%2Fwp%2Fv2%2Fcategories&post=11523"},{"taxonomy":"post_tag","embeddable":true,"href":"https:\/\/www.egemtv.com\/index.php?rest_route=%2Fwp%2Fv2%2Ftags&post=11523"}],"curies":[{"name":"wp","href":"https:\/\/api.w.org\/{rel}","templated":true}]}}