{"id":11520,"date":"2025-01-22T18:03:02","date_gmt":"2025-01-22T15:03:02","guid":{"rendered":"https:\/\/www.egemtv.com\/?p=11520"},"modified":"2025-01-22T18:03:04","modified_gmt":"2025-01-22T15:03:04","slug":"denizlide-arac-sayisi-542-bini-asti","status":"publish","type":"post","link":"https:\/\/www.egemtv.com\/?p=11520","title":{"rendered":"Denizli\u2019de ara\u00e7 say\u0131s\u0131 542 bini a\u015ft\u0131"},"content":{"rendered":"<p>Denizli\u2019de a\u00e7\u0131klanan motorlu kara ta\u015f\u0131tlar\u0131 2024 y\u0131l\u0131 verilerine g\u00f6re il genelinde toplam ara\u00e7 say\u0131s\u0131 542 bin 606 oldu.<br \/>\n<br \/>T\u00fcrkiye\u2019de 2024 y\u0131l\u0131nda bir \u00f6nceki y\u0131la g\u00f6re trafi\u011fe kayd\u0131 yap\u0131lan ta\u015f\u0131t say\u0131s\u0131 y\u00fczde 13,5 artarak 2 milyon 598 bin 816 adet olurken, trafikten kayd\u0131 silinen ta\u015f\u0131t say\u0131s\u0131 y\u00fczde 15,6 artarak 36 bin 657 adet oldu. B\u00f6ylece Ocak-Aral\u0131k d\u00f6neminde trafikteki toplam ta\u015f\u0131t say\u0131s\u0131nda 2 milyon 562 bin 159 adet art\u0131\u015f ger\u00e7ekle\u015fti.<br \/>\n<br \/>Aral\u0131k ay\u0131 sonu itibar\u0131yla trafi\u011fe kay\u0131tl\u0131 ta\u015f\u0131tlar\u0131n y\u00fczde 51,9\u2019unu otomobil, y\u00fczde 20,0\u2019\u0131n\u0131 motosiklet, y\u00fczde 15,0\u2019\u0131n\u0131 kamyonet, y\u00fczde 7,2\u2019sini trakt\u00f6r, y\u00fczde 3,2\u2019sini kamyon, y\u00fczde 1,7\u2019sini minib\u00fcs, y\u00fczde 0,7\u2019sini otob\u00fcs ve y\u00fczde 0,3\u2019\u00fcn\u00fc \u00f6zel ama\u00e7l\u0131 ta\u015f\u0131tlar olu\u015fturdu. \u0130llere g\u00f6re da\u011f\u0131l\u0131mda ise Denizli\u2019de ya\u015fayan ki\u015fi say\u0131s\u0131 1 milyon 62 bin 612 ki\u015fi olurken, Denizli\u2019de bulunan toplam ara\u00e7 say\u0131s\u0131 da 542 bin 606 olarak a\u00e7\u0131kland\u0131.<br \/>\n<br \/>Denizli\u2019de \u015fu anda toplam ara\u00e7 say\u0131s\u0131 542 bin 606 olurken, bu ara\u00e7lar\u0131n cinsine g\u00f6re da\u011f\u0131l\u0131m\u0131 da \u015f\u00f6yle ger\u00e7ekle\u015fti: Otomobil 245 bin 603, minib\u00fcs 7 bin 710, otob\u00fcs 4 bin 15, kamyonet 78 bin 720, kamyon 13 bin 587, motosiklet 127 bin 428, \u00f6zel ama\u00e7l\u0131 bin 524 ve trakt\u00f6r say\u0131s\u0131 da 64 bin 19 adet olarak belirlendi.<br \/>\n<br \/>Bu rakamlara g\u00f6re, Denizli\u2019de ara\u00e7 ba\u015f\u0131na d\u00fc\u015fen ki\u015fi say\u0131s\u0131 2,07 ki\u015fi, otomobil ba\u015f\u0131na ise 4,32 ki\u015fi olarak belirlendi.<br \/><\/p>\n","protected":false},"excerpt":{"rendered":"<p>Denizli\u2019de a\u00e7\u0131klanan motorlu kara ta\u015f\u0131tlar\u0131 2024 y\u0131l\u0131 verilerine g\u00f6re il genelinde toplam ara\u00e7 say\u0131s\u0131 542 bin 606 oldu. T\u00fcrkiye\u2019de 2024 y\u0131l\u0131nda bir \u00f6nceki y\u0131la g\u00f6re trafi\u011fe kayd\u0131 yap\u0131lan ta\u015f\u0131t say\u0131s\u0131 y\u00fczde 13,5 artarak 2 milyon 598 bin 816 adet olurken, trafikten kayd\u0131 silinen ta\u015f\u0131t say\u0131s\u0131 y\u00fczde 15,6 artarak 36 bin 657 adet oldu. B\u00f6ylece Ocak-Aral\u0131k&#8230;<\/p>\n","protected":false},"author":1,"featured_media":11521,"comment_status":"open","ping_status":"open","sticky":false,"template":"","format":"standard","meta":{"_crdt_document":"","footnotes":""},"categories":[125],"tags":[],"class_list":["post-11520","post","type-post","status-publish","format-standard","has-post-thumbnail","hentry","category-ekonomi"],"_links":{"self":[{"href":"https:\/\/www.egemtv.com\/index.php?rest_route=\/wp\/v2\/posts\/11520","targetHints":{"allow":["GET"]}}],"collection":[{"href":"https:\/\/www.egemtv.com\/index.php?rest_route=\/wp\/v2\/posts"}],"about":[{"href":"https:\/\/www.egemtv.com\/index.php?rest_route=\/wp\/v2\/types\/post"}],"author":[{"embeddable":true,"href":"https:\/\/www.egemtv.com\/index.php?rest_route=\/wp\/v2\/users\/1"}],"replies":[{"embeddable":true,"href":"https:\/\/www.egemtv.com\/index.php?rest_route=%2Fwp%2Fv2%2Fcomments&post=11520"}],"version-history":[{"count":1,"href":"https:\/\/www.egemtv.com\/index.php?rest_route=\/wp\/v2\/posts\/11520\/revisions"}],"predecessor-version":[{"id":11522,"href":"https:\/\/www.egemtv.com\/index.php?rest_route=\/wp\/v2\/posts\/11520\/revisions\/11522"}],"wp:featuredmedia":[{"embeddable":true,"href":"https:\/\/www.egemtv.com\/index.php?rest_route=\/wp\/v2\/media\/11521"}],"wp:attachment":[{"href":"https:\/\/www.egemtv.com\/index.php?rest_route=%2Fwp%2Fv2%2Fmedia&parent=11520"}],"wp:term":[{"taxonomy":"category","embeddable":true,"href":"https:\/\/www.egemtv.com\/index.php?rest_route=%2Fwp%2Fv2%2Fcategories&post=11520"},{"taxonomy":"post_tag","embeddable":true,"href":"https:\/\/www.egemtv.com\/index.php?rest_route=%2Fwp%2Fv2%2Ftags&post=11520"}],"curies":[{"name":"wp","href":"https:\/\/api.w.org\/{rel}","templated":true}]}}