{"id":11517,"date":"2025-01-22T18:03:00","date_gmt":"2025-01-22T15:03:00","guid":{"rendered":"https:\/\/www.egemtv.com\/?p=11517"},"modified":"2025-01-22T18:03:02","modified_gmt":"2025-01-22T15:03:02","slug":"usakta-arac-sayisi-175-bini-asti","status":"publish","type":"post","link":"https:\/\/www.egemtv.com\/?p=11517","title":{"rendered":"U\u015fak\u2019ta ara\u00e7 say\u0131s\u0131 175 bini a\u015ft\u0131"},"content":{"rendered":"<p>U\u015fak\u2019ta a\u00e7\u0131klanan motorlu kara ta\u015f\u0131tlar\u0131 2024 y\u0131l\u0131 verilerine g\u00f6re il genelinde toplam ara\u00e7 say\u0131s\u0131 175 bin 807 oldu.<br \/>\n<br \/>T\u00fcrkiye\u2019de 2024 y\u0131l\u0131nda bir \u00f6nceki y\u0131la g\u00f6re trafi\u011fe kayd\u0131 yap\u0131lan ta\u015f\u0131t say\u0131s\u0131 y\u00fczde 13,5 artarak 2 milyon 598 bin 816 adet olurken, trafikten kayd\u0131 silinen ta\u015f\u0131t say\u0131s\u0131 y\u00fczde 15,6 artarak 36 bin 657 adet oldu. B\u00f6ylece Ocak-Aral\u0131k d\u00f6neminde trafikteki toplam ta\u015f\u0131t say\u0131s\u0131nda 2 milyon 562 bin 159 adet art\u0131\u015f ger\u00e7ekle\u015fti.<br \/>\n<br \/>Aral\u0131k ay\u0131 sonu itibar\u0131yla trafi\u011fe kay\u0131tl\u0131 ta\u015f\u0131tlar\u0131n y\u00fczde 51,9\u2019unu otomobil, y\u00fczde 20,0\u2019\u0131n\u0131 motosiklet, y\u00fczde 15,0\u2019\u0131n\u0131 kamyonet, y\u00fczde 7,2\u2019sini trakt\u00f6r, y\u00fczde 3,2\u2019sini kamyon, y\u00fczde 1,7\u2019sini minib\u00fcs, y\u00fczde 0,7\u2019sini otob\u00fcs ve y\u00fczde 0,3\u2019\u00fcn\u00fc \u00f6zel ama\u00e7l\u0131 ta\u015f\u0131tlar olu\u015fturdu.<br \/>\n<br \/>\u0130llere g\u00f6re da\u011f\u0131l\u0131mda ise U\u015fak\u2019ta ya\u015fayan ki\u015fi say\u0131s\u0131 377 bin 1 ki\u015fi olurken, U\u015fak\u2019ta bulunan toplam ara\u00e7 say\u0131s\u0131 da 175 bin 807 olarak a\u00e7\u0131kland\u0131.<br \/>\n<br \/>U\u015fak\u2019ta \u015fu anda toplam ara\u00e7 say\u0131s\u0131 175 bin 807 olurken, bu ara\u00e7lar\u0131n cinsine g\u00f6re da\u011f\u0131l\u0131m\u0131 da \u015f\u00f6yle ger\u00e7ekle\u015fti: Otomobil 80 bin 608, minib\u00fcs 2 bin 222, otob\u00fcs bin 377, kamyonet 22 bin 89, kamyon 4 bin 578, motosiklet 42 bin 98, \u00f6zel ama\u00e7l\u0131 469 ve trakt\u00f6r say\u0131s\u0131 da 22 bin 366 adet olarak belirlendi.<br \/>\n<br \/>Bu rakamlara g\u00f6re, U\u015fak\u2019ta ara\u00e7 ba\u015f\u0131na d\u00fc\u015fen ki\u015fi say\u0131s\u0131 2,15 ki\u015fi, otomobil ba\u015f\u0131na ise 4,67 ki\u015fi olarak belirlendi.<br \/><\/p>\n","protected":false},"excerpt":{"rendered":"<p>U\u015fak\u2019ta a\u00e7\u0131klanan motorlu kara ta\u015f\u0131tlar\u0131 2024 y\u0131l\u0131 verilerine g\u00f6re il genelinde toplam ara\u00e7 say\u0131s\u0131 175 bin 807 oldu. T\u00fcrkiye\u2019de 2024 y\u0131l\u0131nda bir \u00f6nceki y\u0131la g\u00f6re trafi\u011fe kayd\u0131 yap\u0131lan ta\u015f\u0131t say\u0131s\u0131 y\u00fczde 13,5 artarak 2 milyon 598 bin 816 adet olurken, trafikten kayd\u0131 silinen ta\u015f\u0131t say\u0131s\u0131 y\u00fczde 15,6 artarak 36 bin 657 adet oldu. B\u00f6ylece Ocak-Aral\u0131k&#8230;<\/p>\n","protected":false},"author":1,"featured_media":11518,"comment_status":"open","ping_status":"open","sticky":false,"template":"","format":"standard","meta":{"_crdt_document":"","footnotes":""},"categories":[125],"tags":[],"class_list":["post-11517","post","type-post","status-publish","format-standard","has-post-thumbnail","hentry","category-ekonomi"],"_links":{"self":[{"href":"https:\/\/www.egemtv.com\/index.php?rest_route=\/wp\/v2\/posts\/11517","targetHints":{"allow":["GET"]}}],"collection":[{"href":"https:\/\/www.egemtv.com\/index.php?rest_route=\/wp\/v2\/posts"}],"about":[{"href":"https:\/\/www.egemtv.com\/index.php?rest_route=\/wp\/v2\/types\/post"}],"author":[{"embeddable":true,"href":"https:\/\/www.egemtv.com\/index.php?rest_route=\/wp\/v2\/users\/1"}],"replies":[{"embeddable":true,"href":"https:\/\/www.egemtv.com\/index.php?rest_route=%2Fwp%2Fv2%2Fcomments&post=11517"}],"version-history":[{"count":1,"href":"https:\/\/www.egemtv.com\/index.php?rest_route=\/wp\/v2\/posts\/11517\/revisions"}],"predecessor-version":[{"id":11519,"href":"https:\/\/www.egemtv.com\/index.php?rest_route=\/wp\/v2\/posts\/11517\/revisions\/11519"}],"wp:featuredmedia":[{"embeddable":true,"href":"https:\/\/www.egemtv.com\/index.php?rest_route=\/wp\/v2\/media\/11518"}],"wp:attachment":[{"href":"https:\/\/www.egemtv.com\/index.php?rest_route=%2Fwp%2Fv2%2Fmedia&parent=11517"}],"wp:term":[{"taxonomy":"category","embeddable":true,"href":"https:\/\/www.egemtv.com\/index.php?rest_route=%2Fwp%2Fv2%2Fcategories&post=11517"},{"taxonomy":"post_tag","embeddable":true,"href":"https:\/\/www.egemtv.com\/index.php?rest_route=%2Fwp%2Fv2%2Ftags&post=11517"}],"curies":[{"name":"wp","href":"https:\/\/api.w.org\/{rel}","templated":true}]}}