{"id":11514,"date":"2025-01-22T18:02:57","date_gmt":"2025-01-22T15:02:57","guid":{"rendered":"https:\/\/www.egemtv.com\/?p=11514"},"modified":"2025-01-22T18:02:59","modified_gmt":"2025-01-22T15:02:59","slug":"altintasta-kurakliktan-zarar-goren-71-ciftciye-19-ton-nohut-tohumu-dagitildi","status":"publish","type":"post","link":"https:\/\/www.egemtv.com\/?p=11514","title":{"rendered":"Alt\u0131nta\u015f\u2019ta kurakl\u0131ktan zarar g\u00f6ren 71 \u00e7ift\u00e7iye 19 ton nohut tohumu da\u011f\u0131t\u0131ld\u0131"},"content":{"rendered":"<p>K\u00fctahya\u2019n\u0131n Alt\u0131nta\u015f il\u00e7esinde kurakl\u0131ktan zarar g\u00f6ren 71 \u00e7ift\u00e7iye bin 500 dekar alan i\u00e7in 19 ton sertifikal\u0131 nohut tohumu da\u011f\u0131t\u0131ld\u0131\u011f\u0131 bildirildi.<br \/>\n<br \/>\u201cCumhurba\u015fkanl\u0131\u011f\u0131 Do\u011fal Afetlerden Zarar G\u00f6ren \u00c7ift\u00e7ilere Tohum Deste\u011fi program\u0131\u201d \u00e7er\u00e7evesinde \u0130l Tar\u0131m ve Orman M\u00fcd\u00fcr\u00fc Emre Yeniay, Alt\u0131nta\u015f \u0130l\u00e7e Tar\u0131m ve Orman M\u00fcd\u00fcr\u00fc Yusuf Ba\u015fan, Alt\u0131nta\u015f Belediye Ba\u015fkan\u0131 Hikmet Tun\u00e7, Alt\u0131nta\u015f Ziraat Odas\u0131 Ba\u015fkan\u0131 ve \u00e7ift\u00e7ilerin kat\u0131l\u0131m\u0131yla sertifikal\u0131 nohut tohumu da\u011f\u0131t\u0131m t\u00f6reni d\u00fczenlendi.<br \/>\n<br \/>Programda kurakl\u0131ktan zarar g\u00f6ren 71 \u00e7ift\u00e7iye bin 500 dekar alan i\u00e7in 19 ton sertifikal\u0131 nohut tohumu da\u011f\u0131t\u0131ld\u0131. \u0130l\u00e7ede daha \u00f6nce ise 8,1 ton arpa ve 12,5 ton bu\u011fday tohumu da\u011f\u0131t\u0131m\u0131 yap\u0131larak, do\u011fal afetlerden etkilenen \u00e7ift\u00e7ilere toplamda 1,5 milyon tutar\u0131nda destek sa\u011fland\u0131.<br \/><\/p>\n","protected":false},"excerpt":{"rendered":"<p>K\u00fctahya\u2019n\u0131n Alt\u0131nta\u015f il\u00e7esinde kurakl\u0131ktan zarar g\u00f6ren 71 \u00e7ift\u00e7iye bin 500 dekar alan i\u00e7in 19 ton sertifikal\u0131 nohut tohumu da\u011f\u0131t\u0131ld\u0131\u011f\u0131 bildirildi. \u201cCumhurba\u015fkanl\u0131\u011f\u0131 Do\u011fal Afetlerden Zarar G\u00f6ren \u00c7ift\u00e7ilere Tohum Deste\u011fi program\u0131\u201d \u00e7er\u00e7evesinde \u0130l Tar\u0131m ve Orman M\u00fcd\u00fcr\u00fc Emre Yeniay, Alt\u0131nta\u015f \u0130l\u00e7e Tar\u0131m ve Orman M\u00fcd\u00fcr\u00fc Yusuf Ba\u015fan, Alt\u0131nta\u015f Belediye Ba\u015fkan\u0131 Hikmet Tun\u00e7, Alt\u0131nta\u015f Ziraat Odas\u0131 Ba\u015fkan\u0131 ve&#8230;<\/p>\n","protected":false},"author":1,"featured_media":11515,"comment_status":"open","ping_status":"open","sticky":false,"template":"","format":"standard","meta":{"_crdt_document":"","footnotes":""},"categories":[125],"tags":[],"class_list":["post-11514","post","type-post","status-publish","format-standard","has-post-thumbnail","hentry","category-ekonomi"],"_links":{"self":[{"href":"https:\/\/www.egemtv.com\/index.php?rest_route=\/wp\/v2\/posts\/11514","targetHints":{"allow":["GET"]}}],"collection":[{"href":"https:\/\/www.egemtv.com\/index.php?rest_route=\/wp\/v2\/posts"}],"about":[{"href":"https:\/\/www.egemtv.com\/index.php?rest_route=\/wp\/v2\/types\/post"}],"author":[{"embeddable":true,"href":"https:\/\/www.egemtv.com\/index.php?rest_route=\/wp\/v2\/users\/1"}],"replies":[{"embeddable":true,"href":"https:\/\/www.egemtv.com\/index.php?rest_route=%2Fwp%2Fv2%2Fcomments&post=11514"}],"version-history":[{"count":1,"href":"https:\/\/www.egemtv.com\/index.php?rest_route=\/wp\/v2\/posts\/11514\/revisions"}],"predecessor-version":[{"id":11516,"href":"https:\/\/www.egemtv.com\/index.php?rest_route=\/wp\/v2\/posts\/11514\/revisions\/11516"}],"wp:featuredmedia":[{"embeddable":true,"href":"https:\/\/www.egemtv.com\/index.php?rest_route=\/wp\/v2\/media\/11515"}],"wp:attachment":[{"href":"https:\/\/www.egemtv.com\/index.php?rest_route=%2Fwp%2Fv2%2Fmedia&parent=11514"}],"wp:term":[{"taxonomy":"category","embeddable":true,"href":"https:\/\/www.egemtv.com\/index.php?rest_route=%2Fwp%2Fv2%2Fcategories&post=11514"},{"taxonomy":"post_tag","embeddable":true,"href":"https:\/\/www.egemtv.com\/index.php?rest_route=%2Fwp%2Fv2%2Ftags&post=11514"}],"curies":[{"name":"wp","href":"https:\/\/api.w.org\/{rel}","templated":true}]}}