{"id":11511,"date":"2025-01-22T18:02:53","date_gmt":"2025-01-22T15:02:53","guid":{"rendered":"https:\/\/www.egemtv.com\/?p=11511"},"modified":"2025-01-22T18:02:56","modified_gmt":"2025-01-22T15:02:56","slug":"marmariste-yagisla-birlikte-olusan-gokkusagi-mest-etti","status":"publish","type":"post","link":"https:\/\/www.egemtv.com\/?p=11511","title":{"rendered":"Marmaris\u2019te ya\u011f\u0131\u015fla birlikte olu\u015fan g\u00f6kku\u015fa\u011f\u0131 mest etti"},"content":{"rendered":"<p>Mu\u011fla\u2019n\u0131n Marmaris il\u00e7esinde sa\u011fanak ya\u011f\u0131\u015f esnas\u0131nda \u00e7\u0131kan g\u00f6kku\u015fa\u011f\u0131 izleyenleri mest etti.<\/p>\n<p>Marmaris\u2019te sa\u011fanak ya\u011f\u0131\u015f aral\u0131klarla etkili oluyor. \u0130l\u00e7e genelinde g\u00f6r\u00fclen ya\u011f\u0131\u015flar zaman zaman etkisini g\u00f6sterirken, \u0130\u00e7meler Mahallesi\u2019nde ya\u011f\u0131\u015fla birlikte olu\u015fan G\u00f6kku\u015fa\u011f\u0131 g\u00f6rsel \u015f\u00f6len olu\u015fturdu. Denizin \u00fcst\u00fcnde olu\u015fan g\u00f6kku\u015fa\u011f\u0131n\u0131 g\u00f6ren vatanda\u015flar cep telefonlar\u0131 ile an\u0131 yakalamay\u0131 ihmal etmedi. Marmaris\u2019te ya\u011f\u0131\u015fl\u0131 havan\u0131n \u00f6n\u00fcm\u00fczdeki saatlerde de aral\u0131klarla etkili olmas\u0131 bekleniyor.<br \/><\/p>\n","protected":false},"excerpt":{"rendered":"<p>Mu\u011fla\u2019n\u0131n Marmaris il\u00e7esinde sa\u011fanak ya\u011f\u0131\u015f esnas\u0131nda \u00e7\u0131kan g\u00f6kku\u015fa\u011f\u0131 izleyenleri mest etti. Marmaris\u2019te sa\u011fanak ya\u011f\u0131\u015f aral\u0131klarla etkili oluyor. \u0130l\u00e7e genelinde g\u00f6r\u00fclen ya\u011f\u0131\u015flar zaman zaman etkisini g\u00f6sterirken, \u0130\u00e7meler Mahallesi\u2019nde ya\u011f\u0131\u015fla birlikte olu\u015fan G\u00f6kku\u015fa\u011f\u0131 g\u00f6rsel \u015f\u00f6len olu\u015fturdu. Denizin \u00fcst\u00fcnde olu\u015fan g\u00f6kku\u015fa\u011f\u0131n\u0131 g\u00f6ren vatanda\u015flar cep telefonlar\u0131 ile an\u0131 yakalamay\u0131 ihmal etmedi. Marmaris\u2019te ya\u011f\u0131\u015fl\u0131 havan\u0131n \u00f6n\u00fcm\u00fczdeki saatlerde de aral\u0131klarla etkili&#8230;<\/p>\n","protected":false},"author":1,"featured_media":11512,"comment_status":"open","ping_status":"open","sticky":false,"template":"","format":"standard","meta":{"_crdt_document":"","footnotes":""},"categories":[1],"tags":[],"class_list":["post-11511","post","type-post","status-publish","format-standard","has-post-thumbnail","hentry","category-guncel"],"_links":{"self":[{"href":"https:\/\/www.egemtv.com\/index.php?rest_route=\/wp\/v2\/posts\/11511","targetHints":{"allow":["GET"]}}],"collection":[{"href":"https:\/\/www.egemtv.com\/index.php?rest_route=\/wp\/v2\/posts"}],"about":[{"href":"https:\/\/www.egemtv.com\/index.php?rest_route=\/wp\/v2\/types\/post"}],"author":[{"embeddable":true,"href":"https:\/\/www.egemtv.com\/index.php?rest_route=\/wp\/v2\/users\/1"}],"replies":[{"embeddable":true,"href":"https:\/\/www.egemtv.com\/index.php?rest_route=%2Fwp%2Fv2%2Fcomments&post=11511"}],"version-history":[{"count":1,"href":"https:\/\/www.egemtv.com\/index.php?rest_route=\/wp\/v2\/posts\/11511\/revisions"}],"predecessor-version":[{"id":11513,"href":"https:\/\/www.egemtv.com\/index.php?rest_route=\/wp\/v2\/posts\/11511\/revisions\/11513"}],"wp:featuredmedia":[{"embeddable":true,"href":"https:\/\/www.egemtv.com\/index.php?rest_route=\/wp\/v2\/media\/11512"}],"wp:attachment":[{"href":"https:\/\/www.egemtv.com\/index.php?rest_route=%2Fwp%2Fv2%2Fmedia&parent=11511"}],"wp:term":[{"taxonomy":"category","embeddable":true,"href":"https:\/\/www.egemtv.com\/index.php?rest_route=%2Fwp%2Fv2%2Fcategories&post=11511"},{"taxonomy":"post_tag","embeddable":true,"href":"https:\/\/www.egemtv.com\/index.php?rest_route=%2Fwp%2Fv2%2Ftags&post=11511"}],"curies":[{"name":"wp","href":"https:\/\/api.w.org\/{rel}","templated":true}]}}