{"id":11508,"date":"2025-01-22T13:34:11","date_gmt":"2025-01-22T10:34:11","guid":{"rendered":"https:\/\/www.egemtv.com\/?p=11508"},"modified":"2025-01-22T13:34:12","modified_gmt":"2025-01-22T10:34:12","slug":"ispartada-belediye-personeli-kiligina-girip-define-arayan-5-kisi-ilk-davada-serbest-birakildi","status":"publish","type":"post","link":"https:\/\/www.egemtv.com\/?p=11508","title":{"rendered":"Isparta\u2019da belediye personeli k\u0131l\u0131\u011f\u0131na girip define arayan 5 ki\u015fi ilk davada serbest b\u0131rak\u0131ld\u0131"},"content":{"rendered":"<p>Isparta\u2019da kent merkezindeki bir caminin \u00f6n\u00fcnde, belediye personeline ait yelekleri giyerek i\u015f makinesiyle define ararken do\u011fal gaz hatt\u0131na zarar verdikten sonra su\u00e7\u00fcst\u00fc yakalanan 5 \u015f\u00fcpheli, \u00e7\u0131kar\u0131ld\u0131klar\u0131 adli mercilerce tutuklanm\u0131\u015ft\u0131. Tutuklular, 9 Ocak 2025 tarihinde g\u00f6r\u00fclen davan\u0131n 1. celsesinde tahliye edildi.<br \/>\n<br \/>Olay, 19 Kas\u0131m 2024 \u00c7ar\u015famba g\u00fcn\u00fc saat 22.00 s\u0131ralar\u0131nda Kutlubey Mahallesi 115. Cadde \u00fczeri Kadir Bey Camii \u00f6n\u00fcnde meydana geldi. \u0130ddiaya g\u00f6re, b\u00f6lgeye kep\u00e7eyle gelen Halis T., Hac\u0131 D.C., \u0130smail A., Y.G. ve S.\u00c7., kendilerini belediye \u00e7al\u0131\u015fan\u0131 olarak tan\u0131tt\u0131ktan sonra kald\u0131r\u0131mda kaz\u0131 \u00e7al\u0131\u015fmas\u0131 ba\u015flatt\u0131. Ancak \u00e7al\u0131\u015fmalar s\u0131ras\u0131nda elektrik hatt\u0131 ve do\u011fal gaz borular\u0131na zarar verdikleri belirtildi. \u00c7evredeki vatanda\u015flar\u0131n durumdan \u015f\u00fcphelenerek polise ihbarda bulunmas\u0131 \u00fczerine olay yerine polis ekipleri sevk edildi. Polis ekipleri taraf\u0131ndan yap\u0131lan incelemede, \u015f\u00fcphelilerin herhangi bir resmi kurumda g\u00f6revli olmad\u0131klar\u0131 tespit edildi. Kaz\u0131n\u0131n ka\u00e7ak define aramak amac\u0131yla yap\u0131ld\u0131\u011f\u0131 belirlendi. Olayda kullan\u0131lan kep\u00e7eye el konulurken, 5 \u015f\u00fcpheli g\u00f6zalt\u0131na al\u0131nd\u0131. \u0130fadelerinin ard\u0131ndan adliyeye sevk edilen \u015f\u00fcpheliler tutuklanarak cezaevine g\u00f6nderildi.<\/p>\n<p>Kaz\u0131lan yerden bo\u015f k\u00fcp par\u00e7alar\u0131 ve lahit \u00e7\u0131kt\u0131<br \/>\n<br \/>Kaz\u0131 sonras\u0131 b\u00f6lgeye gelen Isparta M\u00fcze M\u00fcd\u00fcrl\u00fc\u011f\u00fc ekipleri, kaz\u0131 yap\u0131lan alanda bo\u015f k\u00fcp par\u00e7alar\u0131 ve tarihi bir lahit par\u00e7as\u0131 buldu. A\u00e7\u0131lan \u00e7ukur yine ekiplerce kapat\u0131ld\u0131.<\/p>\n<p>Tarihi lahit gen\u00e7 roma d\u00f6nemde bir kiliseye ait<br \/>\n<br \/>An\u0131tlar Kurulu\u2019nun b\u00f6lgede yapaca\u011f\u0131 incelemeler kapsam\u0131nda jeofizik \u00e7al\u0131\u015fmalar ger\u00e7ekle\u015ftirece\u011fi ve ihtiya\u00e7 duyulmas\u0131 halinde alan\u0131n sit b\u00f6lgesi ilan edilebilece\u011fi belirtildi. Uzmanlar, bulunan tarihi lahidin ise Gen\u00e7 Roma d\u00f6neminde bir kiliseye ait olabilece\u011fi ihtimali \u00fczerinde duruyor.<\/p>\n<p>Tutuklanan \u015fah\u0131slar ilk duru\u015fmada serbest b\u0131rak\u0131ld\u0131<br \/>\n<br \/>Tutuklular, 9 Ocak 2025 tarihinde hakim kar\u015f\u0131s\u0131na \u00e7\u0131kt\u0131. Davan\u0131n 1. celsesinde mahkeme ba\u015fkan\u0131, san\u0131klar hakk\u0131nda &#8220;Kamu Mal\u0131na Zarar Verme&#8221; ve &#8220;K\u00fclt\u00fcr Varl\u0131klar\u0131n\u0131 Bulmak Amac\u0131yla \u0130zinsiz Kaz\u0131 veya Sondaj Yapmak&#8221; su\u00e7lamalar\u0131n\u0131n niteli\u011fi, kanun maddesinde \u00f6ng\u00f6r\u00fclen ceza miktar\u0131, tutuklu kald\u0131klar\u0131 s\u00fcre ve delil karartma \u015f\u00fcphesinin bulunmamas\u0131 g\u00f6z \u00f6n\u00fcnde bulundurularak, san\u0131klar\u0131n ayr\u0131 ayr\u0131 tahliyesine karar verdi. Mahkeme ayr\u0131ca, san\u0131klar\u0131n ba\u015fka bir su\u00e7tan tutuklu ya da h\u00fck\u00fcml\u00fc olmad\u0131klar\u0131 takdirde derhal tahliye edilmeleri i\u00e7in Isparta Cumhuriyet Ba\u015fsavc\u0131l\u0131\u011f\u0131\u2019na yaz\u0131 yaz\u0131lmas\u0131na, ancak san\u0131klar\u0131n CMK\u2019n\u0131n 109\/1 maddesi gere\u011fince adli kontrol alt\u0131na al\u0131nmalar\u0131na h\u00fckmetti.<br \/><\/p>\n","protected":false},"excerpt":{"rendered":"<p>Isparta\u2019da kent merkezindeki bir caminin \u00f6n\u00fcnde, belediye personeline ait yelekleri giyerek i\u015f makinesiyle define ararken do\u011fal gaz hatt\u0131na zarar verdikten sonra su\u00e7\u00fcst\u00fc yakalanan 5 \u015f\u00fcpheli, \u00e7\u0131kar\u0131ld\u0131klar\u0131 adli mercilerce tutuklanm\u0131\u015ft\u0131. Tutuklular, 9 Ocak 2025 tarihinde g\u00f6r\u00fclen davan\u0131n 1. celsesinde tahliye edildi. Olay, 19 Kas\u0131m 2024 \u00c7ar\u015famba g\u00fcn\u00fc saat 22.00 s\u0131ralar\u0131nda Kutlubey Mahallesi 115. Cadde \u00fczeri Kadir&#8230;<\/p>\n","protected":false},"author":1,"featured_media":11509,"comment_status":"open","ping_status":"open","sticky":false,"template":"","format":"standard","meta":{"_crdt_document":"","footnotes":""},"categories":[5],"tags":[],"class_list":["post-11508","post","type-post","status-publish","format-standard","has-post-thumbnail","hentry","category-asayis"],"_links":{"self":[{"href":"https:\/\/www.egemtv.com\/index.php?rest_route=\/wp\/v2\/posts\/11508","targetHints":{"allow":["GET"]}}],"collection":[{"href":"https:\/\/www.egemtv.com\/index.php?rest_route=\/wp\/v2\/posts"}],"about":[{"href":"https:\/\/www.egemtv.com\/index.php?rest_route=\/wp\/v2\/types\/post"}],"author":[{"embeddable":true,"href":"https:\/\/www.egemtv.com\/index.php?rest_route=\/wp\/v2\/users\/1"}],"replies":[{"embeddable":true,"href":"https:\/\/www.egemtv.com\/index.php?rest_route=%2Fwp%2Fv2%2Fcomments&post=11508"}],"version-history":[{"count":1,"href":"https:\/\/www.egemtv.com\/index.php?rest_route=\/wp\/v2\/posts\/11508\/revisions"}],"predecessor-version":[{"id":11510,"href":"https:\/\/www.egemtv.com\/index.php?rest_route=\/wp\/v2\/posts\/11508\/revisions\/11510"}],"wp:featuredmedia":[{"embeddable":true,"href":"https:\/\/www.egemtv.com\/index.php?rest_route=\/wp\/v2\/media\/11509"}],"wp:attachment":[{"href":"https:\/\/www.egemtv.com\/index.php?rest_route=%2Fwp%2Fv2%2Fmedia&parent=11508"}],"wp:term":[{"taxonomy":"category","embeddable":true,"href":"https:\/\/www.egemtv.com\/index.php?rest_route=%2Fwp%2Fv2%2Fcategories&post=11508"},{"taxonomy":"post_tag","embeddable":true,"href":"https:\/\/www.egemtv.com\/index.php?rest_route=%2Fwp%2Fv2%2Ftags&post=11508"}],"curies":[{"name":"wp","href":"https:\/\/api.w.org\/{rel}","templated":true}]}}