{"id":11505,"date":"2025-01-22T13:31:12","date_gmt":"2025-01-22T10:31:12","guid":{"rendered":"https:\/\/www.egemtv.com\/?p=11505"},"modified":"2025-01-22T13:31:13","modified_gmt":"2025-01-22T10:31:13","slug":"ilk-aydan-turkiye-sampiyonlugu","status":"publish","type":"post","link":"https:\/\/www.egemtv.com\/?p=11505","title":{"rendered":"\u0130lk aydan T\u00fcrkiye \u015fampiyonlu\u011fu"},"content":{"rendered":"<p>T\u00fcrkiye Taekwondo \u015eampiyonas\u0131\u2019nda Ayd\u0131n\u2019\u0131 temsil eden milli sporcu Elifnaz K\u00f6seo\u011flu rakiplerini geride b\u0131rakarak T\u00fcrkiye \u015fampiyonu oldu.<\/p>\n<p>T\u00fcrkiye Taekwondo \u015eampiyonas\u0131\u2019nda Ayd\u0131n\u2019\u0131 temsil eden milli sporcu Elifnaz K\u00f6seo\u011flu, Ankara\u2019n\u0131n ev sahipli\u011finde d\u00fczenlenen T\u00fcrkiye Gen\u00e7ler Taekwondo \u015eampiyonas\u0131\u2019nda Ayd\u0131n\u2019\u0131 gururland\u0131rd\u0131. K\u0131yas\u0131ya m\u00fccadelelere sahne olan \u015fampiyonada Ayd\u0131nl\u0131 gen\u00e7 sporcu, +68 kg kategorisinde m\u00fccadele etti. K\u00f6seo\u011flu, 99 sporcu aras\u0131ndan 7 ma\u00e7\u0131n\u0131 da kazanmay\u0131 ba\u015fararak T\u00fcrkiye \u015eampiyonu unvan\u0131n\u0131 kazand\u0131.<\/p>\n<p>Uzun y\u0131llar taekwondo sporcusu olarak T\u00fcrk taekwondosuna hizmet eden ve ge\u00e7ti\u011fimiz haftalarda Ayd\u0131n \u0130l Temsilcili\u011fi g\u00f6revine atanan Bahad\u0131r Yorganc\u0131 g\u00f6reve geldi\u011fi ilk ayda b\u00f6yle bir \u015fampiyonlu\u011fun kazan\u0131lmas\u0131ndan dolay\u0131 mutlu oldu\u011funu belirtti. Yorganc\u0131 konuyla ilgili yapt\u0131\u011f\u0131 a\u00e7\u0131klamada, Cumhurba\u015fkan\u0131 Recep Tayyip Erdo\u011fan\u2019\u0131n Ayd\u0131n ziyaretinde s\u00f6yledi\u011fi, \u2019Ayd\u0131n\u2019dan \u015fampiyon istiyorum\u2019 s\u00f6zlerinin kendilerine motivasyon kayna\u011f\u0131 oldu\u011funu kaydederek, \u201cCumhurba\u015fkan\u0131m\u0131z\u0131n iste\u011fini yerine getirmenin mutlulu\u011funu ya\u015f\u0131yoruz. Milli sporcumuz Elifnaz K\u00f6seo\u011flu k\u0131z\u0131m\u0131z, \u00fcst\u00fcn performans\u0131yla Ayd\u0131n\u2019a \u015fampiyonluk gururunu ya\u015fatt\u0131. G\u00f6reve geldi\u011fimiz ilk ayda bu ba\u015far\u0131y\u0131 Ayd\u0131n\u2019a kazand\u0131rd\u0131k. \u0130n\u015fallah en k\u0131sa zamanda D\u00fcnya \u015eampiyonlu\u011fu\u2019nu da arma\u011fan edece\u011fiz\u201d dedi.<\/p>\n<p>Yorganc\u0131 ayr\u0131ca, bu s\u00fcre\u00e7te desteklerini esirgemeyen Ayd\u0131n Gen\u00e7lik ve Spor \u0130l M\u00fcd\u00fcr\u00fc Cenap Filik\u00e7io\u011flu\u2019na, sporcular\u0131n yeti\u015fmesinde b\u00fcy\u00fck emek veren antren\u00f6rler Ege Gezgin ve Denizhan Gezgin\u2019e te\u015fekk\u00fcrlerini iletti. &#8220;Bu ba\u015far\u0131, birlik ve beraberlik ruhuyla kazan\u0131ld\u0131. Destek olan herkese minnettar\u0131z&#8221; dedi.<br \/><\/p>\n","protected":false},"excerpt":{"rendered":"<p>T\u00fcrkiye Taekwondo \u015eampiyonas\u0131\u2019nda Ayd\u0131n\u2019\u0131 temsil eden milli sporcu Elifnaz K\u00f6seo\u011flu rakiplerini geride b\u0131rakarak T\u00fcrkiye \u015fampiyonu oldu. T\u00fcrkiye Taekwondo \u015eampiyonas\u0131\u2019nda Ayd\u0131n\u2019\u0131 temsil eden milli sporcu Elifnaz K\u00f6seo\u011flu, Ankara\u2019n\u0131n ev sahipli\u011finde d\u00fczenlenen T\u00fcrkiye Gen\u00e7ler Taekwondo \u015eampiyonas\u0131\u2019nda Ayd\u0131n\u2019\u0131 gururland\u0131rd\u0131. K\u0131yas\u0131ya m\u00fccadelelere sahne olan \u015fampiyonada Ayd\u0131nl\u0131 gen\u00e7 sporcu, +68 kg kategorisinde m\u00fccadele etti. K\u00f6seo\u011flu, 99 sporcu aras\u0131ndan 7 ma\u00e7\u0131n\u0131&#8230;<\/p>\n","protected":false},"author":1,"featured_media":11506,"comment_status":"open","ping_status":"open","sticky":false,"template":"","format":"standard","meta":{"_crdt_document":"","footnotes":""},"categories":[4],"tags":[],"class_list":["post-11505","post","type-post","status-publish","format-standard","has-post-thumbnail","hentry","category-spor"],"_links":{"self":[{"href":"https:\/\/www.egemtv.com\/index.php?rest_route=\/wp\/v2\/posts\/11505","targetHints":{"allow":["GET"]}}],"collection":[{"href":"https:\/\/www.egemtv.com\/index.php?rest_route=\/wp\/v2\/posts"}],"about":[{"href":"https:\/\/www.egemtv.com\/index.php?rest_route=\/wp\/v2\/types\/post"}],"author":[{"embeddable":true,"href":"https:\/\/www.egemtv.com\/index.php?rest_route=\/wp\/v2\/users\/1"}],"replies":[{"embeddable":true,"href":"https:\/\/www.egemtv.com\/index.php?rest_route=%2Fwp%2Fv2%2Fcomments&post=11505"}],"version-history":[{"count":1,"href":"https:\/\/www.egemtv.com\/index.php?rest_route=\/wp\/v2\/posts\/11505\/revisions"}],"predecessor-version":[{"id":11507,"href":"https:\/\/www.egemtv.com\/index.php?rest_route=\/wp\/v2\/posts\/11505\/revisions\/11507"}],"wp:featuredmedia":[{"embeddable":true,"href":"https:\/\/www.egemtv.com\/index.php?rest_route=\/wp\/v2\/media\/11506"}],"wp:attachment":[{"href":"https:\/\/www.egemtv.com\/index.php?rest_route=%2Fwp%2Fv2%2Fmedia&parent=11505"}],"wp:term":[{"taxonomy":"category","embeddable":true,"href":"https:\/\/www.egemtv.com\/index.php?rest_route=%2Fwp%2Fv2%2Fcategories&post=11505"},{"taxonomy":"post_tag","embeddable":true,"href":"https:\/\/www.egemtv.com\/index.php?rest_route=%2Fwp%2Fv2%2Ftags&post=11505"}],"curies":[{"name":"wp","href":"https:\/\/api.w.org\/{rel}","templated":true}]}}