{"id":11502,"date":"2025-01-22T13:28:11","date_gmt":"2025-01-22T10:28:11","guid":{"rendered":"https:\/\/www.egemtv.com\/?p=11502"},"modified":"2025-01-22T13:28:12","modified_gmt":"2025-01-22T10:28:12","slug":"afyonkarahisarda-cinli-turistleri-tasiyan-otobus-devrildi-3-yarali","status":"publish","type":"post","link":"https:\/\/www.egemtv.com\/?p=11502","title":{"rendered":"Afyonkarahisar\u2019da \u00c7inli turistleri ta\u015f\u0131yan otob\u00fcs devrildi: 3 yaral\u0131"},"content":{"rendered":"<p>Afyonkarahisar\u2019da devrilen tur otob\u00fcs\u00fcndeki 3 \u00c7inli turist hafif yaraland\u0131.<br \/>\n<br \/>Kaza, Dinar il\u00e7e \u00e7\u0131k\u0131\u015f\u0131nda saat 10.30 s\u0131ralar\u0131nda meydana geldi. Edinilen bilgilere g\u00f6re, \u00c7in uyruklu 18 turistin bulundu\u011fu 35CJU7 plakal\u0131 otob\u00fcs, s\u00fcr\u00fcc\u00fcs\u00fcn\u00fcn direksiyon hakimiyetini kaybetmesi sonucu kontrolden \u00e7\u0131karak devrildi. \u00c7evredekilerin ihbar\u0131 \u00fczerine b\u00f6lgeye jandarma ve sa\u011fl\u0131k ekipleri sevk edildi. Hafif \u015fekilde yaralanan 3 \u00c7inli turist Dinar Devlet Hastanesine sevk edildi. Kazayla ilgili inceleme ba\u015flat\u0131ld\u0131.<br \/><\/p>\n","protected":false},"excerpt":{"rendered":"<p>Afyonkarahisar\u2019da devrilen tur otob\u00fcs\u00fcndeki 3 \u00c7inli turist hafif yaraland\u0131. Kaza, Dinar il\u00e7e \u00e7\u0131k\u0131\u015f\u0131nda saat 10.30 s\u0131ralar\u0131nda meydana geldi. Edinilen bilgilere g\u00f6re, \u00c7in uyruklu 18 turistin bulundu\u011fu 35CJU7 plakal\u0131 otob\u00fcs, s\u00fcr\u00fcc\u00fcs\u00fcn\u00fcn direksiyon hakimiyetini kaybetmesi sonucu kontrolden \u00e7\u0131karak devrildi. \u00c7evredekilerin ihbar\u0131 \u00fczerine b\u00f6lgeye jandarma ve sa\u011fl\u0131k ekipleri sevk edildi. Hafif \u015fekilde yaralanan 3 \u00c7inli turist Dinar Devlet&#8230;<\/p>\n","protected":false},"author":1,"featured_media":11503,"comment_status":"open","ping_status":"open","sticky":false,"template":"","format":"standard","meta":{"_crdt_document":"","footnotes":""},"categories":[5],"tags":[],"class_list":["post-11502","post","type-post","status-publish","format-standard","has-post-thumbnail","hentry","category-asayis"],"_links":{"self":[{"href":"https:\/\/www.egemtv.com\/index.php?rest_route=\/wp\/v2\/posts\/11502","targetHints":{"allow":["GET"]}}],"collection":[{"href":"https:\/\/www.egemtv.com\/index.php?rest_route=\/wp\/v2\/posts"}],"about":[{"href":"https:\/\/www.egemtv.com\/index.php?rest_route=\/wp\/v2\/types\/post"}],"author":[{"embeddable":true,"href":"https:\/\/www.egemtv.com\/index.php?rest_route=\/wp\/v2\/users\/1"}],"replies":[{"embeddable":true,"href":"https:\/\/www.egemtv.com\/index.php?rest_route=%2Fwp%2Fv2%2Fcomments&post=11502"}],"version-history":[{"count":1,"href":"https:\/\/www.egemtv.com\/index.php?rest_route=\/wp\/v2\/posts\/11502\/revisions"}],"predecessor-version":[{"id":11504,"href":"https:\/\/www.egemtv.com\/index.php?rest_route=\/wp\/v2\/posts\/11502\/revisions\/11504"}],"wp:featuredmedia":[{"embeddable":true,"href":"https:\/\/www.egemtv.com\/index.php?rest_route=\/wp\/v2\/media\/11503"}],"wp:attachment":[{"href":"https:\/\/www.egemtv.com\/index.php?rest_route=%2Fwp%2Fv2%2Fmedia&parent=11502"}],"wp:term":[{"taxonomy":"category","embeddable":true,"href":"https:\/\/www.egemtv.com\/index.php?rest_route=%2Fwp%2Fv2%2Fcategories&post=11502"},{"taxonomy":"post_tag","embeddable":true,"href":"https:\/\/www.egemtv.com\/index.php?rest_route=%2Fwp%2Fv2%2Ftags&post=11502"}],"curies":[{"name":"wp","href":"https:\/\/api.w.org\/{rel}","templated":true}]}}