{"id":11499,"date":"2025-01-22T13:21:16","date_gmt":"2025-01-22T10:21:16","guid":{"rendered":"https:\/\/www.egemtv.com\/?p=11499"},"modified":"2025-01-22T13:21:19","modified_gmt":"2025-01-22T10:21:19","slug":"goztepe-romulonun-satin-alma-opsiyonunu-kullandi","status":"publish","type":"post","link":"https:\/\/www.egemtv.com\/?p=11499","title":{"rendered":"G\u00f6ztepe, Romulo\u2019nun sat\u0131n alma opsiyonunu kulland\u0131"},"content":{"rendered":"<p>G\u00f6ztepe, Brezilyal\u0131 futbolcu Romulo\u2019nun sat\u0131n alma opsiyonunu kullanarak ile 2028 y\u0131l\u0131na kadar s\u00f6zle\u015fme imzaland\u0131.<br \/>\n<br \/>G\u00f6ztepe, bu sezon g\u00f6sterdi\u011fi performansla ad\u0131ndan s\u00f6z ettiren ve \u015fu ana kadar t\u00fcm kulvarlarda 10 gol, 5 asistle oynayan Brezilyal\u0131 futbolcu Romulo\u2019nun sat\u0131n alma opsiyonunu kulland\u0131. Konuyla ilgili kul\u00fcpten yap\u0131lan a\u00e7\u0131klamada, &#8220;Oyuncumuz Romulo Cardoso 2028 y\u0131l\u0131na dek G\u00f6ztepe\u2019mizde. Kul\u00fcb\u00fcm\u00fcz, tak\u0131m\u0131m\u0131zda kiral\u0131k olarak forma giyen ba\u015far\u0131l\u0131 oyuncumuz Romulo Cardoso\u2019nun sat\u0131n alma opsiyonunu kullanm\u0131\u015ft\u0131r&#8221; denildi.<br \/>\n<br \/>22 ya\u015f\u0131ndaki futbolcu, yaz transfer d\u00f6neminde Brezilya ekibi Atletico Paranaense\u2019den kiral\u0131k olarak G\u00f6ztepe\u2019ye kat\u0131lm\u0131\u015ft\u0131.<br \/><\/p>\n","protected":false},"excerpt":{"rendered":"<p>G\u00f6ztepe, Brezilyal\u0131 futbolcu Romulo\u2019nun sat\u0131n alma opsiyonunu kullanarak ile 2028 y\u0131l\u0131na kadar s\u00f6zle\u015fme imzaland\u0131. G\u00f6ztepe, bu sezon g\u00f6sterdi\u011fi performansla ad\u0131ndan s\u00f6z ettiren ve \u015fu ana kadar t\u00fcm kulvarlarda 10 gol, 5 asistle oynayan Brezilyal\u0131 futbolcu Romulo\u2019nun sat\u0131n alma opsiyonunu kulland\u0131. Konuyla ilgili kul\u00fcpten yap\u0131lan a\u00e7\u0131klamada, &#8220;Oyuncumuz Romulo Cardoso 2028 y\u0131l\u0131na dek G\u00f6ztepe\u2019mizde. Kul\u00fcb\u00fcm\u00fcz, tak\u0131m\u0131m\u0131zda kiral\u0131k&#8230;<\/p>\n","protected":false},"author":1,"featured_media":11500,"comment_status":"open","ping_status":"open","sticky":false,"template":"","format":"standard","meta":{"_crdt_document":"","footnotes":""},"categories":[4],"tags":[],"class_list":["post-11499","post","type-post","status-publish","format-standard","has-post-thumbnail","hentry","category-spor"],"_links":{"self":[{"href":"https:\/\/www.egemtv.com\/index.php?rest_route=\/wp\/v2\/posts\/11499","targetHints":{"allow":["GET"]}}],"collection":[{"href":"https:\/\/www.egemtv.com\/index.php?rest_route=\/wp\/v2\/posts"}],"about":[{"href":"https:\/\/www.egemtv.com\/index.php?rest_route=\/wp\/v2\/types\/post"}],"author":[{"embeddable":true,"href":"https:\/\/www.egemtv.com\/index.php?rest_route=\/wp\/v2\/users\/1"}],"replies":[{"embeddable":true,"href":"https:\/\/www.egemtv.com\/index.php?rest_route=%2Fwp%2Fv2%2Fcomments&post=11499"}],"version-history":[{"count":1,"href":"https:\/\/www.egemtv.com\/index.php?rest_route=\/wp\/v2\/posts\/11499\/revisions"}],"predecessor-version":[{"id":11501,"href":"https:\/\/www.egemtv.com\/index.php?rest_route=\/wp\/v2\/posts\/11499\/revisions\/11501"}],"wp:featuredmedia":[{"embeddable":true,"href":"https:\/\/www.egemtv.com\/index.php?rest_route=\/wp\/v2\/media\/11500"}],"wp:attachment":[{"href":"https:\/\/www.egemtv.com\/index.php?rest_route=%2Fwp%2Fv2%2Fmedia&parent=11499"}],"wp:term":[{"taxonomy":"category","embeddable":true,"href":"https:\/\/www.egemtv.com\/index.php?rest_route=%2Fwp%2Fv2%2Fcategories&post=11499"},{"taxonomy":"post_tag","embeddable":true,"href":"https:\/\/www.egemtv.com\/index.php?rest_route=%2Fwp%2Fv2%2Ftags&post=11499"}],"curies":[{"name":"wp","href":"https:\/\/api.w.org\/{rel}","templated":true}]}}