{"id":11457,"date":"2025-01-22T12:16:58","date_gmt":"2025-01-22T09:16:58","guid":{"rendered":"https:\/\/www.egemtv.com\/?p=11457"},"modified":"2025-01-22T12:16:59","modified_gmt":"2025-01-22T09:16:59","slug":"kutahya-il-ve-ilce-tarim-mudurlugu-personeli-tarim-sigortalari-konusunda-bilgilendirildi","status":"publish","type":"post","link":"https:\/\/www.egemtv.com\/?p=11457","title":{"rendered":"K\u00fctahya \u0130l ve \u0130l\u00e7e Tar\u0131m M\u00fcd\u00fcrl\u00fc\u011f\u00fc personeli tar\u0131m sigortalar\u0131 konusunda bilgilendirildi"},"content":{"rendered":"<p>K\u00fctahya \u0130l Tar\u0131m ve Orman M\u00fcd\u00fcrl\u00fc\u011f\u00fcnce Do\u011fal Afet Hizmetleri Uygulama \u00c7al\u0131\u015fmalar\u0131 ve Tar\u0131m Sigortalar\u0131 (TARS\u0130M) konular\u0131nda \u0130l M\u00fcd\u00fcrl\u00fc\u011f\u00fc ve \u0130l\u00e7e M\u00fcd\u00fcrl\u00fcklerinde g\u00f6rev yapan personele y\u00f6nelik bilgilendirme toplant\u0131s\u0131 ger\u00e7ekle\u015ftirildi.<br \/>\n<br \/>\u0130l Tar\u0131m ve Orman M\u00fcd\u00fcrl\u00fc\u011f\u00fcnde, Koordinasyon ve Tar\u0131msal Veriler \u015eube M\u00fcd\u00fcrl\u00fc\u011f\u00fc taraf\u0131ndan Tar\u0131m ve Orman Bakanl\u0131\u011f\u0131 Tar\u0131m Reformu Genel M\u00fcd\u00fcrl\u00fc\u011f\u00fc taraf\u0131ndan y\u00fcr\u00fct\u00fclen Do\u011fal Afet Hizmetleri Uygulama \u00c7al\u0131\u015fmalar\u0131 ve Tar\u0131m Sigortalar\u0131 (TARS\u0130M) konular\u0131nda \u0130l ve \u0130l\u00e7e Tar\u0131m ve Orman M\u00fcd\u00fcrl\u00fcklerinde g\u00f6rev yapan personele y\u00f6nelik bilgilendirme toplant\u0131s\u0131 d\u00fczenlendi.<br \/>\n<br \/>Toplant\u0131ya, TARS\u0130M Bursa B\u00f6lge M\u00fcd\u00fcrl\u00fc\u011f\u00fc personeli de kat\u0131ld\u0131.<br \/><\/p>\n","protected":false},"excerpt":{"rendered":"<p>K\u00fctahya \u0130l Tar\u0131m ve Orman M\u00fcd\u00fcrl\u00fc\u011f\u00fcnce Do\u011fal Afet Hizmetleri Uygulama \u00c7al\u0131\u015fmalar\u0131 ve Tar\u0131m Sigortalar\u0131 (TARS\u0130M) konular\u0131nda \u0130l M\u00fcd\u00fcrl\u00fc\u011f\u00fc ve \u0130l\u00e7e M\u00fcd\u00fcrl\u00fcklerinde g\u00f6rev yapan personele y\u00f6nelik bilgilendirme toplant\u0131s\u0131 ger\u00e7ekle\u015ftirildi. \u0130l Tar\u0131m ve Orman M\u00fcd\u00fcrl\u00fc\u011f\u00fcnde, Koordinasyon ve Tar\u0131msal Veriler \u015eube M\u00fcd\u00fcrl\u00fc\u011f\u00fc taraf\u0131ndan Tar\u0131m ve Orman Bakanl\u0131\u011f\u0131 Tar\u0131m Reformu Genel M\u00fcd\u00fcrl\u00fc\u011f\u00fc taraf\u0131ndan y\u00fcr\u00fct\u00fclen Do\u011fal Afet Hizmetleri Uygulama \u00c7al\u0131\u015fmalar\u0131&#8230;<\/p>\n","protected":false},"author":1,"featured_media":11458,"comment_status":"open","ping_status":"open","sticky":false,"template":"","format":"standard","meta":{"_crdt_document":"","footnotes":""},"categories":[1],"tags":[],"class_list":["post-11457","post","type-post","status-publish","format-standard","has-post-thumbnail","hentry","category-guncel"],"_links":{"self":[{"href":"https:\/\/www.egemtv.com\/index.php?rest_route=\/wp\/v2\/posts\/11457","targetHints":{"allow":["GET"]}}],"collection":[{"href":"https:\/\/www.egemtv.com\/index.php?rest_route=\/wp\/v2\/posts"}],"about":[{"href":"https:\/\/www.egemtv.com\/index.php?rest_route=\/wp\/v2\/types\/post"}],"author":[{"embeddable":true,"href":"https:\/\/www.egemtv.com\/index.php?rest_route=\/wp\/v2\/users\/1"}],"replies":[{"embeddable":true,"href":"https:\/\/www.egemtv.com\/index.php?rest_route=%2Fwp%2Fv2%2Fcomments&post=11457"}],"version-history":[{"count":1,"href":"https:\/\/www.egemtv.com\/index.php?rest_route=\/wp\/v2\/posts\/11457\/revisions"}],"predecessor-version":[{"id":11459,"href":"https:\/\/www.egemtv.com\/index.php?rest_route=\/wp\/v2\/posts\/11457\/revisions\/11459"}],"wp:featuredmedia":[{"embeddable":true,"href":"https:\/\/www.egemtv.com\/index.php?rest_route=\/wp\/v2\/media\/11458"}],"wp:attachment":[{"href":"https:\/\/www.egemtv.com\/index.php?rest_route=%2Fwp%2Fv2%2Fmedia&parent=11457"}],"wp:term":[{"taxonomy":"category","embeddable":true,"href":"https:\/\/www.egemtv.com\/index.php?rest_route=%2Fwp%2Fv2%2Fcategories&post=11457"},{"taxonomy":"post_tag","embeddable":true,"href":"https:\/\/www.egemtv.com\/index.php?rest_route=%2Fwp%2Fv2%2Ftags&post=11457"}],"curies":[{"name":"wp","href":"https:\/\/api.w.org\/{rel}","templated":true}]}}