{"id":11454,"date":"2025-01-22T12:16:56","date_gmt":"2025-01-22T09:16:56","guid":{"rendered":"https:\/\/www.egemtv.com\/?p=11454"},"modified":"2025-01-22T12:16:57","modified_gmt":"2025-01-22T09:16:57","slug":"baskan-kahveci-muhtarlarimizin-sesi-mahallelerimizin-sesidir","status":"publish","type":"post","link":"https:\/\/www.egemtv.com\/?p=11454","title":{"rendered":"Ba\u015fkan Kahveci: &#8220;Muhtarlar\u0131m\u0131z\u0131n sesi, mahallelerimizin sesidir&#8221;"},"content":{"rendered":"<p>K\u00fctahya Belediyesi, her ay d\u00fczenlenmesi planlanan Muhtarlar Toplant\u0131s\u0131\u2019n\u0131n ilkini ger\u00e7ekle\u015ftirdi. K\u00fctahya Belediye Ba\u015fkan\u0131 Ey\u00fcp Kahveci\u2019nin ba\u015fkanl\u0131k etti\u011fi toplant\u0131da, mahallelerin ihtiya\u00e7lar\u0131 ve sorunlar\u0131 ele al\u0131nd\u0131, muhtarlar\u0131n talep ve \u00f6nerileri dinlendi.<br \/>\n<br \/>Belediye Ba\u015fkan\u0131 Kahveci, toplant\u0131da yapt\u0131\u011f\u0131 konu\u015fmada muhtarlar\u0131n mahallelerdeki \u00f6nemine dikkat \u00e7ekerek, \u201cMuhtarlar\u0131m\u0131z\u0131n sesi, mahallelerimizin sesidir. Onlar\u0131n taleplerini dinlemek ve sorunlar\u0131na \u00e7\u00f6z\u00fcm \u00fcretmek bizler i\u00e7in \u00f6nceliklidir. Bu toplant\u0131lar vesilesiyle mahallelerimizi birlikte daha g\u00fczel bir hale getirece\u011fiz\u201d dedi.<br \/>\n<br \/>K\u00fctahya Belediyesi Meclis Salonu\u2019nda ger\u00e7ekle\u015fen toplant\u0131da, yol, altyap\u0131, temizlik ve sosyal projeler gibi \u00e7e\u015fitli konularda talepler dile getirildi. Ba\u015fkan Kahveci, g\u00fcndeme getirilen her konunun h\u0131zl\u0131ca \u00e7\u00f6z\u00fcme kavu\u015fturulmas\u0131 i\u00e7in ilgili birimlere talimat verdi.<br \/>\n<br \/>Toplant\u0131n\u0131n sonunda Ba\u015fkan Kahveci, \u201cBirlikte \u00e7al\u0131\u015farak mahallelerimizi daha ya\u015fanabilir hale getirece\u011fiz. Bu toplant\u0131lar\u0131m\u0131z, \u015fehrimizin gelece\u011fi i\u00e7in \u00f6nemli bir ad\u0131m olacak\u201d ifadelerini kulland\u0131.<br \/>\n<br \/>Muhtarlar Derne\u011fi Ba\u015fkan\u0131 \u0130smail Ar\u0131 ve mahalle muhtarlar\u0131n\u0131n memnuniyetle kar\u015f\u0131lad\u0131\u011f\u0131 toplant\u0131lar\u0131n, K\u00fctahya\u2019n\u0131n mahallelerini daha ileri ta\u015f\u0131mak amac\u0131yla her ay d\u00fczenli olarak devam edece\u011fi belirtildi.<br \/><\/p>\n","protected":false},"excerpt":{"rendered":"<p>K\u00fctahya Belediyesi, her ay d\u00fczenlenmesi planlanan Muhtarlar Toplant\u0131s\u0131\u2019n\u0131n ilkini ger\u00e7ekle\u015ftirdi. K\u00fctahya Belediye Ba\u015fkan\u0131 Ey\u00fcp Kahveci\u2019nin ba\u015fkanl\u0131k etti\u011fi toplant\u0131da, mahallelerin ihtiya\u00e7lar\u0131 ve sorunlar\u0131 ele al\u0131nd\u0131, muhtarlar\u0131n talep ve \u00f6nerileri dinlendi. Belediye Ba\u015fkan\u0131 Kahveci, toplant\u0131da yapt\u0131\u011f\u0131 konu\u015fmada muhtarlar\u0131n mahallelerdeki \u00f6nemine dikkat \u00e7ekerek, \u201cMuhtarlar\u0131m\u0131z\u0131n sesi, mahallelerimizin sesidir. Onlar\u0131n taleplerini dinlemek ve sorunlar\u0131na \u00e7\u00f6z\u00fcm \u00fcretmek bizler i\u00e7in \u00f6nceliklidir. Bu&#8230;<\/p>\n","protected":false},"author":1,"featured_media":11455,"comment_status":"open","ping_status":"open","sticky":false,"template":"","format":"standard","meta":{"_crdt_document":"","footnotes":""},"categories":[123],"tags":[],"class_list":["post-11454","post","type-post","status-publish","format-standard","has-post-thumbnail","hentry","category-gundem"],"_links":{"self":[{"href":"https:\/\/www.egemtv.com\/index.php?rest_route=\/wp\/v2\/posts\/11454","targetHints":{"allow":["GET"]}}],"collection":[{"href":"https:\/\/www.egemtv.com\/index.php?rest_route=\/wp\/v2\/posts"}],"about":[{"href":"https:\/\/www.egemtv.com\/index.php?rest_route=\/wp\/v2\/types\/post"}],"author":[{"embeddable":true,"href":"https:\/\/www.egemtv.com\/index.php?rest_route=\/wp\/v2\/users\/1"}],"replies":[{"embeddable":true,"href":"https:\/\/www.egemtv.com\/index.php?rest_route=%2Fwp%2Fv2%2Fcomments&post=11454"}],"version-history":[{"count":1,"href":"https:\/\/www.egemtv.com\/index.php?rest_route=\/wp\/v2\/posts\/11454\/revisions"}],"predecessor-version":[{"id":11456,"href":"https:\/\/www.egemtv.com\/index.php?rest_route=\/wp\/v2\/posts\/11454\/revisions\/11456"}],"wp:featuredmedia":[{"embeddable":true,"href":"https:\/\/www.egemtv.com\/index.php?rest_route=\/wp\/v2\/media\/11455"}],"wp:attachment":[{"href":"https:\/\/www.egemtv.com\/index.php?rest_route=%2Fwp%2Fv2%2Fmedia&parent=11454"}],"wp:term":[{"taxonomy":"category","embeddable":true,"href":"https:\/\/www.egemtv.com\/index.php?rest_route=%2Fwp%2Fv2%2Fcategories&post=11454"},{"taxonomy":"post_tag","embeddable":true,"href":"https:\/\/www.egemtv.com\/index.php?rest_route=%2Fwp%2Fv2%2Ftags&post=11454"}],"curies":[{"name":"wp","href":"https:\/\/api.w.org\/{rel}","templated":true}]}}