{"id":11451,"date":"2025-01-22T12:16:54","date_gmt":"2025-01-22T09:16:54","guid":{"rendered":"https:\/\/www.egemtv.com\/?p=11451"},"modified":"2025-01-22T12:16:55","modified_gmt":"2025-01-22T09:16:55","slug":"kutahyada-bir-el-de-sen-tut-projesi-hayata-geciyor","status":"publish","type":"post","link":"https:\/\/www.egemtv.com\/?p=11451","title":{"rendered":"K\u00fctahya\u2019da \u201cBir el de sen tut\u201d projesi hayata ge\u00e7iyor"},"content":{"rendered":"<p>K\u00fctahya Muhtarlar Derne\u011fi Ba\u015fkan\u0131 \u0130smail Ar\u0131, mahalle muhtarlar\u0131yla birlikte geli\u015ftirdikleri \u201cBir el de sen tut\u201d projesi hakk\u0131nda a\u00e7\u0131klamalarda bulundu. Proje, sab\u0131ka kayd\u0131 bulunan ve bu nedenle i\u015f bulmakta zorlanan vatanda\u015flar\u0131n istihdam\u0131n\u0131 sa\u011flayarak topluma kazand\u0131r\u0131lmalar\u0131n\u0131 hedefliyor.<br \/>\n<br \/>Ba\u015fkan Ar\u0131, \u201cBu projemizi mahallelerde gezinirken, muhtarlar\u0131m\u0131zla beraber geli\u015ftirdik. Muhtarlar\u0131m\u0131z her zaman vatanda\u015f\u0131m\u0131z\u0131n sesi, sorunlar\u0131n\u0131 \u00e7\u00f6zmek i\u00e7in u\u011fra\u015fan bireylerdir. Mahallelerimizde baz\u0131 vatanda\u015flar, sab\u0131ka kayd\u0131 nedeniyle i\u015f bulam\u0131yorlar ve ma\u011fdur oluyorlar. Tabii ki biz i\u015fveren de\u011filiz, ama bu durum bizi \u00fcz\u00fcyor ve \u00e7\u00f6z\u00fcm \u00fcretmek istiyoruz. Bu nedenle, durumu valimize ve \u0130\u015f Kurumu m\u00fcd\u00fcr\u00fcm\u00fcze ilettik. \u0130\u015f Kurumu m\u00fcd\u00fcr\u00fcm\u00fcz, bu vatanda\u015flar\u0131m\u0131z\u0131 kay\u0131t alt\u0131na alarak fabrikalar ve \u00e7e\u015fitli i\u015f yerlerinde de\u011ferlendirebileceklerini ifade etti&#8221; diye konu\u015ftu.<br \/>\n<br \/>Proje, mahallelerde ya\u015fayan, \u00e7o\u011fu evli ve gen\u00e7 olan vatanda\u015flar\u0131n i\u015f bulmalar\u0131na destek olmay\u0131 hedefliyor. Ba\u015fkan Ar\u0131, bu giri\u015fimin hem bireylere hem de topluma b\u00fcy\u00fck fayda sa\u011flayaca\u011f\u0131n\u0131 belirterek, \u201c\u0130\u015f Kurumu\u2019na kay\u0131t olan vatanda\u015flar\u0131m\u0131z, i\u015fverenlerin deste\u011fiyle uygun pozisyonlarda \u00e7al\u0131\u015facak. \u0130\u015fverenlerimiz bu ki\u015filere i\u015f vererek hem onlar\u0131n hem de ailelerinin hayat\u0131n\u0131 de\u011fi\u015ftirecek. Bu b\u00fcy\u00fck bir iyilik ve topluma \u00f6nemli bir katk\u0131d\u0131r. \u0130\u015fverenlerimize te\u015fekk\u00fcr ediyoruz\u201d diye konu\u015ftu.<br \/>\n<br \/>Projenin, sab\u0131ka kayd\u0131 nedeniyle ya\u015fanan ma\u011fduriyetleri ortadan kald\u0131rmas\u0131 ve vatanda\u015flar\u0131 tekrar topluma kazand\u0131rmas\u0131 bekleniyor. Ba\u015fkan Ar\u0131, mahallelerdeki bu t\u00fcr vatanda\u015flara \u00e7a\u011fr\u0131da bulunarak, \u0130\u015f Kurumu\u2019na kay\u0131t yapt\u0131rmalar\u0131n\u0131 ve topluma yeniden kazand\u0131r\u0131lmalar\u0131 i\u00e7in bu f\u0131rsat\u0131 de\u011ferlendirmelerini istedi.<br \/><\/p>\n","protected":false},"excerpt":{"rendered":"<p>K\u00fctahya Muhtarlar Derne\u011fi Ba\u015fkan\u0131 \u0130smail Ar\u0131, mahalle muhtarlar\u0131yla birlikte geli\u015ftirdikleri \u201cBir el de sen tut\u201d projesi hakk\u0131nda a\u00e7\u0131klamalarda bulundu. Proje, sab\u0131ka kayd\u0131 bulunan ve bu nedenle i\u015f bulmakta zorlanan vatanda\u015flar\u0131n istihdam\u0131n\u0131 sa\u011flayarak topluma kazand\u0131r\u0131lmalar\u0131n\u0131 hedefliyor. Ba\u015fkan Ar\u0131, \u201cBu projemizi mahallelerde gezinirken, muhtarlar\u0131m\u0131zla beraber geli\u015ftirdik. Muhtarlar\u0131m\u0131z her zaman vatanda\u015f\u0131m\u0131z\u0131n sesi, sorunlar\u0131n\u0131 \u00e7\u00f6zmek i\u00e7in u\u011fra\u015fan bireylerdir. Mahallelerimizde&#8230;<\/p>\n","protected":false},"author":1,"featured_media":11452,"comment_status":"open","ping_status":"open","sticky":false,"template":"","format":"standard","meta":{"_crdt_document":"","footnotes":""},"categories":[123],"tags":[],"class_list":["post-11451","post","type-post","status-publish","format-standard","has-post-thumbnail","hentry","category-gundem"],"_links":{"self":[{"href":"https:\/\/www.egemtv.com\/index.php?rest_route=\/wp\/v2\/posts\/11451","targetHints":{"allow":["GET"]}}],"collection":[{"href":"https:\/\/www.egemtv.com\/index.php?rest_route=\/wp\/v2\/posts"}],"about":[{"href":"https:\/\/www.egemtv.com\/index.php?rest_route=\/wp\/v2\/types\/post"}],"author":[{"embeddable":true,"href":"https:\/\/www.egemtv.com\/index.php?rest_route=\/wp\/v2\/users\/1"}],"replies":[{"embeddable":true,"href":"https:\/\/www.egemtv.com\/index.php?rest_route=%2Fwp%2Fv2%2Fcomments&post=11451"}],"version-history":[{"count":1,"href":"https:\/\/www.egemtv.com\/index.php?rest_route=\/wp\/v2\/posts\/11451\/revisions"}],"predecessor-version":[{"id":11453,"href":"https:\/\/www.egemtv.com\/index.php?rest_route=\/wp\/v2\/posts\/11451\/revisions\/11453"}],"wp:featuredmedia":[{"embeddable":true,"href":"https:\/\/www.egemtv.com\/index.php?rest_route=\/wp\/v2\/media\/11452"}],"wp:attachment":[{"href":"https:\/\/www.egemtv.com\/index.php?rest_route=%2Fwp%2Fv2%2Fmedia&parent=11451"}],"wp:term":[{"taxonomy":"category","embeddable":true,"href":"https:\/\/www.egemtv.com\/index.php?rest_route=%2Fwp%2Fv2%2Fcategories&post=11451"},{"taxonomy":"post_tag","embeddable":true,"href":"https:\/\/www.egemtv.com\/index.php?rest_route=%2Fwp%2Fv2%2Ftags&post=11451"}],"curies":[{"name":"wp","href":"https:\/\/api.w.org\/{rel}","templated":true}]}}