{"id":11448,"date":"2025-01-22T12:15:14","date_gmt":"2025-01-22T09:15:14","guid":{"rendered":"https:\/\/www.egemtv.com\/?p=11448"},"modified":"2025-01-22T12:15:15","modified_gmt":"2025-01-22T09:15:15","slug":"saphane-kaymakami-karakoc-yurt-disi-programina-katilacak","status":"publish","type":"post","link":"https:\/\/www.egemtv.com\/?p=11448","title":{"rendered":"\u015eaphane Kaymakam\u0131 Karako\u00e7, yurt d\u0131\u015f\u0131 program\u0131na kat\u0131lacak"},"content":{"rendered":"<p>\u0130\u00e7i\u015fleri Bakanl\u0131\u011f\u0131n\u0131n yurt d\u0131\u015f\u0131 program\u0131na kat\u0131lacak olan \u015eaphane Kaymakam\u0131 \u0130smail Karako\u00e7 g\u00f6revinden ayr\u0131ld\u0131.<br \/>\n<br \/>16 aydan beri \u015eaphane Kaymakam vekili g\u00f6revinin y\u00fcr\u00fcten Kaymakam\u0131 \u0130smail Karako\u00e7, yay\u0131mlad\u0131\u011f\u0131 mesaj\u0131nda,\u201dYakla\u015f\u0131k 16 ayd\u0131r gururla y\u00fcr\u00fctt\u00fc\u011f\u00fcm \u015eaphane Kaymakaml\u0131\u011f\u0131 g\u00f6revimin sonuna gelmi\u015f bulunuyorum. G\u00f6rev yapt\u0131\u011f\u0131m\u0131z s\u00fcre boyunca hak, hukuk ve adaletten ayr\u0131lmadan bu \u015firin il\u00e7eye ve onun m\u00fcstesna insanlar\u0131na hizmet etme gayreti i\u00e7erisinde olduk. Bu s\u00fcre zarf\u0131nda birlikte \u00e7al\u0131\u015ft\u0131\u011f\u0131m\u0131z \u00e7al\u0131\u015fma arkada\u015flar\u0131m\u0131n her birine gayretlerinden dolay\u0131 te\u015fekk\u00fcr ediyorum. \u0130l\u00e7emiz ile ilgili konularda bizden deste\u011fini esirgemeyen Valimiz Musa I\u015f\u0131n\u2019a ve meslek b\u00fcy\u00fcklerime sayg\u0131 ve \u015f\u00fckranlar\u0131m\u0131 sunuyorum. G\u00f6reve ba\u015flad\u0131\u011f\u0131m\u0131z g\u00fcnden itibaren bizlere g\u00f6n\u00fcl kap\u0131lar\u0131n\u0131 a\u00e7an k\u0131ymetli \u015eaphaneliler, bana ve aileme g\u00f6stermi\u015f oldu\u011funuz ilgi, alaka ve misafirperverlik i\u00e7in sizlere te\u015fekk\u00fcr ediyor, haklar\u0131n\u0131z\u0131 helal etmenizi diliyorum. Sizleri Allah\u2019a emanet ediyorum. Ho\u015f\u00e7a kal\u0131n\u201d ifadelerine yer verdi.<br \/><\/p>\n","protected":false},"excerpt":{"rendered":"<p>\u0130\u00e7i\u015fleri Bakanl\u0131\u011f\u0131n\u0131n yurt d\u0131\u015f\u0131 program\u0131na kat\u0131lacak olan \u015eaphane Kaymakam\u0131 \u0130smail Karako\u00e7 g\u00f6revinden ayr\u0131ld\u0131. 16 aydan beri \u015eaphane Kaymakam vekili g\u00f6revinin y\u00fcr\u00fcten Kaymakam\u0131 \u0130smail Karako\u00e7, yay\u0131mlad\u0131\u011f\u0131 mesaj\u0131nda,\u201dYakla\u015f\u0131k 16 ayd\u0131r gururla y\u00fcr\u00fctt\u00fc\u011f\u00fcm \u015eaphane Kaymakaml\u0131\u011f\u0131 g\u00f6revimin sonuna gelmi\u015f bulunuyorum. G\u00f6rev yapt\u0131\u011f\u0131m\u0131z s\u00fcre boyunca hak, hukuk ve adaletten ayr\u0131lmadan bu \u015firin il\u00e7eye ve onun m\u00fcstesna insanlar\u0131na hizmet etme gayreti&#8230;<\/p>\n","protected":false},"author":1,"featured_media":11449,"comment_status":"open","ping_status":"open","sticky":false,"template":"","format":"standard","meta":{"_crdt_document":"","footnotes":""},"categories":[123],"tags":[],"class_list":["post-11448","post","type-post","status-publish","format-standard","has-post-thumbnail","hentry","category-gundem"],"_links":{"self":[{"href":"https:\/\/www.egemtv.com\/index.php?rest_route=\/wp\/v2\/posts\/11448","targetHints":{"allow":["GET"]}}],"collection":[{"href":"https:\/\/www.egemtv.com\/index.php?rest_route=\/wp\/v2\/posts"}],"about":[{"href":"https:\/\/www.egemtv.com\/index.php?rest_route=\/wp\/v2\/types\/post"}],"author":[{"embeddable":true,"href":"https:\/\/www.egemtv.com\/index.php?rest_route=\/wp\/v2\/users\/1"}],"replies":[{"embeddable":true,"href":"https:\/\/www.egemtv.com\/index.php?rest_route=%2Fwp%2Fv2%2Fcomments&post=11448"}],"version-history":[{"count":1,"href":"https:\/\/www.egemtv.com\/index.php?rest_route=\/wp\/v2\/posts\/11448\/revisions"}],"predecessor-version":[{"id":11450,"href":"https:\/\/www.egemtv.com\/index.php?rest_route=\/wp\/v2\/posts\/11448\/revisions\/11450"}],"wp:featuredmedia":[{"embeddable":true,"href":"https:\/\/www.egemtv.com\/index.php?rest_route=\/wp\/v2\/media\/11449"}],"wp:attachment":[{"href":"https:\/\/www.egemtv.com\/index.php?rest_route=%2Fwp%2Fv2%2Fmedia&parent=11448"}],"wp:term":[{"taxonomy":"category","embeddable":true,"href":"https:\/\/www.egemtv.com\/index.php?rest_route=%2Fwp%2Fv2%2Fcategories&post=11448"},{"taxonomy":"post_tag","embeddable":true,"href":"https:\/\/www.egemtv.com\/index.php?rest_route=%2Fwp%2Fv2%2Ftags&post=11448"}],"curies":[{"name":"wp","href":"https:\/\/api.w.org\/{rel}","templated":true}]}}