{"id":11445,"date":"2025-01-22T12:15:11","date_gmt":"2025-01-22T09:15:11","guid":{"rendered":"https:\/\/www.egemtv.com\/?p=11445"},"modified":"2025-01-22T12:15:13","modified_gmt":"2025-01-22T09:15:13","slug":"kutahyali-sporcular-turkiye-sampiyonasinda-zirvede","status":"publish","type":"post","link":"https:\/\/www.egemtv.com\/?p=11445","title":{"rendered":"K\u00fctahyal\u0131 sporcular T\u00fcrkiye \u015eampiyonas\u0131\u2019nda zirvede"},"content":{"rendered":"<p>K\u00fctahya Belediyespor\u2019un gen\u00e7 sporcular\u0131, Ayd\u0131n\u2019da d\u00fczenlenen T\u00fcrkiye Oryantiring \u015eampiyonas\u0131 2. Kademe Yar\u0131\u015flar\u0131\u2019nda elde ettikleri ba\u015far\u0131larla \u015fehri gururland\u0131rd\u0131.<br \/>\n<br \/>Farkl\u0131 ya\u015f kategorilerinde m\u00fccadele eden sporcular, hem performanslar\u0131 hem de azimleriyle b\u00fcy\u00fck takdir toplad\u0131. \u015eampiyonan\u0131n ilk g\u00fcn\u00fcnde d\u00fczenlenen orta mesafe orman yar\u0131\u015f\u0131nda, K16B kategorisinde yar\u0131\u015fan Nida Y\u00fczba\u015f\u0131o\u011flu, \u00fcst\u00fcn bir performans sergileyerek T\u00fcrkiye be\u015fincisi oldu.<br \/>\n<br \/>\u0130kinci g\u00fcn ger\u00e7ekle\u015fen sprint yar\u0131\u015flar\u0131nda ise K\u00fctahya Belediyespor\u2019un gen\u00e7 sporcular\u0131 \u00f6nemli dereceler elde etti. K16B kategorisinde Nida Y\u00fczba\u015f\u0131o\u011flu T\u00fcrkiye birincisi olurken, ayn\u0131 kategoride Suden \u0130rken T\u00fcrkiye \u00fc\u00e7\u00fcnc\u00fcs\u00fc olmay\u0131 ba\u015fard\u0131.<br \/>\n<br \/>K18B kategorisinde Asiye Nur Ak birincilik k\u00fcrs\u00fcs\u00fcne \u00e7\u0131karken, E18B kategorisinde Furkan Akp\u0131nar T\u00fcrkiye \u00fc\u00e7\u00fcnc\u00fcs\u00fc oldu.<br \/><\/p>\n","protected":false},"excerpt":{"rendered":"<p>K\u00fctahya Belediyespor\u2019un gen\u00e7 sporcular\u0131, Ayd\u0131n\u2019da d\u00fczenlenen T\u00fcrkiye Oryantiring \u015eampiyonas\u0131 2. Kademe Yar\u0131\u015flar\u0131\u2019nda elde ettikleri ba\u015far\u0131larla \u015fehri gururland\u0131rd\u0131. Farkl\u0131 ya\u015f kategorilerinde m\u00fccadele eden sporcular, hem performanslar\u0131 hem de azimleriyle b\u00fcy\u00fck takdir toplad\u0131. \u015eampiyonan\u0131n ilk g\u00fcn\u00fcnde d\u00fczenlenen orta mesafe orman yar\u0131\u015f\u0131nda, K16B kategorisinde yar\u0131\u015fan Nida Y\u00fczba\u015f\u0131o\u011flu, \u00fcst\u00fcn bir performans sergileyerek T\u00fcrkiye be\u015fincisi oldu. \u0130kinci g\u00fcn ger\u00e7ekle\u015fen sprint&#8230;<\/p>\n","protected":false},"author":1,"featured_media":11446,"comment_status":"open","ping_status":"open","sticky":false,"template":"","format":"standard","meta":{"_crdt_document":"","footnotes":""},"categories":[4],"tags":[],"class_list":["post-11445","post","type-post","status-publish","format-standard","has-post-thumbnail","hentry","category-spor"],"_links":{"self":[{"href":"https:\/\/www.egemtv.com\/index.php?rest_route=\/wp\/v2\/posts\/11445","targetHints":{"allow":["GET"]}}],"collection":[{"href":"https:\/\/www.egemtv.com\/index.php?rest_route=\/wp\/v2\/posts"}],"about":[{"href":"https:\/\/www.egemtv.com\/index.php?rest_route=\/wp\/v2\/types\/post"}],"author":[{"embeddable":true,"href":"https:\/\/www.egemtv.com\/index.php?rest_route=\/wp\/v2\/users\/1"}],"replies":[{"embeddable":true,"href":"https:\/\/www.egemtv.com\/index.php?rest_route=%2Fwp%2Fv2%2Fcomments&post=11445"}],"version-history":[{"count":1,"href":"https:\/\/www.egemtv.com\/index.php?rest_route=\/wp\/v2\/posts\/11445\/revisions"}],"predecessor-version":[{"id":11447,"href":"https:\/\/www.egemtv.com\/index.php?rest_route=\/wp\/v2\/posts\/11445\/revisions\/11447"}],"wp:featuredmedia":[{"embeddable":true,"href":"https:\/\/www.egemtv.com\/index.php?rest_route=\/wp\/v2\/media\/11446"}],"wp:attachment":[{"href":"https:\/\/www.egemtv.com\/index.php?rest_route=%2Fwp%2Fv2%2Fmedia&parent=11445"}],"wp:term":[{"taxonomy":"category","embeddable":true,"href":"https:\/\/www.egemtv.com\/index.php?rest_route=%2Fwp%2Fv2%2Fcategories&post=11445"},{"taxonomy":"post_tag","embeddable":true,"href":"https:\/\/www.egemtv.com\/index.php?rest_route=%2Fwp%2Fv2%2Ftags&post=11445"}],"curies":[{"name":"wp","href":"https:\/\/api.w.org\/{rel}","templated":true}]}}