{"id":11442,"date":"2025-01-22T12:15:10","date_gmt":"2025-01-22T09:15:10","guid":{"rendered":"https:\/\/www.egemtv.com\/?p=11442"},"modified":"2025-01-22T12:15:11","modified_gmt":"2025-01-22T09:15:11","slug":"kutahya-belediyesinden-ihtiyac-sahiplerine-ucretsiz-kuaforluk-hizmeti","status":"publish","type":"post","link":"https:\/\/www.egemtv.com\/?p=11442","title":{"rendered":"K\u00fctahya Belediyesi\u2019nden ihtiya\u00e7 sahiplerine \u00fccretsiz kuaf\u00f6rl\u00fck hizmeti"},"content":{"rendered":"<p>K\u00fctahya Belediyesi, sosyal sorumluluk projelerine bir yenisini ekleyerek anlaml\u0131 bir i\u015f birli\u011fi protokol\u00fcne imza att\u0131. K\u00fctahya Belediye Ba\u015fkan\u0131 Ey\u00fcp Kahveci ile K\u00fctahya Berberler, Kuaf\u00f6rler ve G\u00fczellik Salonlar\u0131 \u0130\u015fletmecileri Esnaf Odas\u0131 Ba\u015fkan\u0131 Mehmet \u00c7alt\u0131 aras\u0131nda imzalanan protokol kapsam\u0131nda, \u015fehirdeki ihtiya\u00e7 sahibi vatanda\u015flara \u00fccretsiz berberlik ve kuaf\u00f6rl\u00fck hizmeti sunulacak.<br \/>\n<br \/>Protokol, \u00f6zellikle evde bak\u0131m faaliyetlerine destek olmak amac\u0131yla hayata ge\u00e7irildi. Bu \u00e7er\u00e7evede, ihtiya\u00e7 sahibi vatanda\u015flar belirlenerek g\u00f6n\u00fcll\u00fc berber ve kuaf\u00f6rler temin edilecek. Hizmetler, hijyen kurallar\u0131na uygun \u015fekilde sunulacak.<br \/>\n<br \/>Belediye Ba\u015fkan\u0131 Ey\u00fcp Kahveci, protokol\u00fcn \u00f6nemine de\u011finerek, \u201cBu i\u015f birli\u011fi ile hem vatanda\u015flar\u0131m\u0131z\u0131n temel ihtiya\u00e7lar\u0131n\u0131 kar\u015f\u0131lamay\u0131 hem de esnaf\u0131m\u0131za sosyal dayan\u0131\u015fma bilinci kazand\u0131rmay\u0131 ama\u00e7l\u0131yoruz. Ya\u015fam Merkezlerimiz ve 67 mahallemizde bu projeyi devam ettirece\u011fiz. \u0130htiya\u00e7 sahibi vatanda\u015flar\u0131m\u0131z\u0131n hayatlar\u0131na dokunmay\u0131 s\u00fcrd\u00fcrece\u011fiz\u201d ifadelerini kulland\u0131.<br \/>\n<br \/>Protokol, hem vatanda\u015flar hem de esnaflar taraf\u0131ndan memnuniyetle kar\u015f\u0131land\u0131. Proje kapsam\u0131nda, K\u00fctahya Belediyesi ile esnaf odas\u0131 i\u015f birli\u011fiyle \u015fehrin her k\u00f6\u015fesinde ihtiya\u00e7 sahiplerine ula\u015f\u0131lmas\u0131 hedefleniyor.<br \/><\/p>\n","protected":false},"excerpt":{"rendered":"<p>K\u00fctahya Belediyesi, sosyal sorumluluk projelerine bir yenisini ekleyerek anlaml\u0131 bir i\u015f birli\u011fi protokol\u00fcne imza att\u0131. K\u00fctahya Belediye Ba\u015fkan\u0131 Ey\u00fcp Kahveci ile K\u00fctahya Berberler, Kuaf\u00f6rler ve G\u00fczellik Salonlar\u0131 \u0130\u015fletmecileri Esnaf Odas\u0131 Ba\u015fkan\u0131 Mehmet \u00c7alt\u0131 aras\u0131nda imzalanan protokol kapsam\u0131nda, \u015fehirdeki ihtiya\u00e7 sahibi vatanda\u015flara \u00fccretsiz berberlik ve kuaf\u00f6rl\u00fck hizmeti sunulacak. Protokol, \u00f6zellikle evde bak\u0131m faaliyetlerine destek olmak amac\u0131yla&#8230;<\/p>\n","protected":false},"author":1,"featured_media":11443,"comment_status":"open","ping_status":"open","sticky":false,"template":"","format":"standard","meta":{"_crdt_document":"","footnotes":""},"categories":[123],"tags":[],"class_list":["post-11442","post","type-post","status-publish","format-standard","has-post-thumbnail","hentry","category-gundem"],"_links":{"self":[{"href":"https:\/\/www.egemtv.com\/index.php?rest_route=\/wp\/v2\/posts\/11442","targetHints":{"allow":["GET"]}}],"collection":[{"href":"https:\/\/www.egemtv.com\/index.php?rest_route=\/wp\/v2\/posts"}],"about":[{"href":"https:\/\/www.egemtv.com\/index.php?rest_route=\/wp\/v2\/types\/post"}],"author":[{"embeddable":true,"href":"https:\/\/www.egemtv.com\/index.php?rest_route=\/wp\/v2\/users\/1"}],"replies":[{"embeddable":true,"href":"https:\/\/www.egemtv.com\/index.php?rest_route=%2Fwp%2Fv2%2Fcomments&post=11442"}],"version-history":[{"count":1,"href":"https:\/\/www.egemtv.com\/index.php?rest_route=\/wp\/v2\/posts\/11442\/revisions"}],"predecessor-version":[{"id":11444,"href":"https:\/\/www.egemtv.com\/index.php?rest_route=\/wp\/v2\/posts\/11442\/revisions\/11444"}],"wp:featuredmedia":[{"embeddable":true,"href":"https:\/\/www.egemtv.com\/index.php?rest_route=\/wp\/v2\/media\/11443"}],"wp:attachment":[{"href":"https:\/\/www.egemtv.com\/index.php?rest_route=%2Fwp%2Fv2%2Fmedia&parent=11442"}],"wp:term":[{"taxonomy":"category","embeddable":true,"href":"https:\/\/www.egemtv.com\/index.php?rest_route=%2Fwp%2Fv2%2Fcategories&post=11442"},{"taxonomy":"post_tag","embeddable":true,"href":"https:\/\/www.egemtv.com\/index.php?rest_route=%2Fwp%2Fv2%2Ftags&post=11442"}],"curies":[{"name":"wp","href":"https:\/\/api.w.org\/{rel}","templated":true}]}}