{"id":11439,"date":"2025-01-22T12:15:07","date_gmt":"2025-01-22T09:15:07","guid":{"rendered":"https:\/\/www.egemtv.com\/?p=11439"},"modified":"2025-01-22T12:15:09","modified_gmt":"2025-01-22T09:15:09","slug":"buyuksehirin-sicak-corba-ikrami-vatandaslari-memnun-ediyor","status":"publish","type":"post","link":"https:\/\/www.egemtv.com\/?p=11439","title":{"rendered":"B\u00fcy\u00fck\u015fehir\u2019in s\u0131cak \u00e7orba ikram\u0131 vatanda\u015flar\u0131 memnun ediyor"},"content":{"rendered":"<p>Ayd\u0131n B\u00fcy\u00fck\u015fehir Belediyesi, sosyal belediyecilik uygulamalar\u0131na h\u0131z kesmeden devam ediyor.<\/p>\n<p>K\u0131\u015f mevsimiyle birlikte so\u011fuk hava \u015fartlar\u0131 artarken B\u00fcy\u00fck\u015fehir Belediyesi, her y\u0131l oldu\u011fu gibi bu y\u0131lda \u00e7orba ikram\u0131yla vatanda\u015flar\u0131n ve pazarc\u0131 esnaf\u0131n\u0131n y\u00fcz\u00fcn\u00fc g\u00fcld\u00fcrmeye devam ediyor. Uygulamadan \u00e7ok memnun kald\u0131klar\u0131n\u0131 dile getiren vatanda\u015flar ve pazarc\u0131 esnaflar\u0131, \u00e7orba ikram\u0131n\u0131n ekonomik olarak b\u00fct\u00e7elerine katk\u0131 sa\u011flad\u0131\u011f\u0131n\u0131 belirtti.<\/p>\n<p>S\u0131cak \u00e7orba ikram\u0131 bug\u00fcn de 7 il\u00e7e ve 9 farkl\u0131 noktada binlerce vatanda\u015fa ve pazarc\u0131 esnaf\u0131na ula\u015ft\u0131r\u0131ld\u0131. Yenipazar, S\u00f6ke, Kuyucak, Karacasu, Efeler, Didim ve \u00c7ine\u2019de ger\u00e7ekle\u015ftirilen ikramdan alan Ayd\u0131nl\u0131lar, Ayd\u0131n B\u00fcy\u00fck\u015fehir Belediye Ba\u015fkan\u0131 \u00d6zlem \u00c7er\u00e7io\u011flu\u2019na te\u015fekk\u00fcr etti.<br \/><\/p>\n","protected":false},"excerpt":{"rendered":"<p>Ayd\u0131n B\u00fcy\u00fck\u015fehir Belediyesi, sosyal belediyecilik uygulamalar\u0131na h\u0131z kesmeden devam ediyor. K\u0131\u015f mevsimiyle birlikte so\u011fuk hava \u015fartlar\u0131 artarken B\u00fcy\u00fck\u015fehir Belediyesi, her y\u0131l oldu\u011fu gibi bu y\u0131lda \u00e7orba ikram\u0131yla vatanda\u015flar\u0131n ve pazarc\u0131 esnaf\u0131n\u0131n y\u00fcz\u00fcn\u00fc g\u00fcld\u00fcrmeye devam ediyor. Uygulamadan \u00e7ok memnun kald\u0131klar\u0131n\u0131 dile getiren vatanda\u015flar ve pazarc\u0131 esnaflar\u0131, \u00e7orba ikram\u0131n\u0131n ekonomik olarak b\u00fct\u00e7elerine katk\u0131 sa\u011flad\u0131\u011f\u0131n\u0131 belirtti. S\u0131cak \u00e7orba&#8230;<\/p>\n","protected":false},"author":1,"featured_media":11440,"comment_status":"open","ping_status":"open","sticky":false,"template":"","format":"standard","meta":{"_crdt_document":"","footnotes":""},"categories":[1],"tags":[],"class_list":["post-11439","post","type-post","status-publish","format-standard","has-post-thumbnail","hentry","category-guncel"],"_links":{"self":[{"href":"https:\/\/www.egemtv.com\/index.php?rest_route=\/wp\/v2\/posts\/11439","targetHints":{"allow":["GET"]}}],"collection":[{"href":"https:\/\/www.egemtv.com\/index.php?rest_route=\/wp\/v2\/posts"}],"about":[{"href":"https:\/\/www.egemtv.com\/index.php?rest_route=\/wp\/v2\/types\/post"}],"author":[{"embeddable":true,"href":"https:\/\/www.egemtv.com\/index.php?rest_route=\/wp\/v2\/users\/1"}],"replies":[{"embeddable":true,"href":"https:\/\/www.egemtv.com\/index.php?rest_route=%2Fwp%2Fv2%2Fcomments&post=11439"}],"version-history":[{"count":1,"href":"https:\/\/www.egemtv.com\/index.php?rest_route=\/wp\/v2\/posts\/11439\/revisions"}],"predecessor-version":[{"id":11441,"href":"https:\/\/www.egemtv.com\/index.php?rest_route=\/wp\/v2\/posts\/11439\/revisions\/11441"}],"wp:featuredmedia":[{"embeddable":true,"href":"https:\/\/www.egemtv.com\/index.php?rest_route=\/wp\/v2\/media\/11440"}],"wp:attachment":[{"href":"https:\/\/www.egemtv.com\/index.php?rest_route=%2Fwp%2Fv2%2Fmedia&parent=11439"}],"wp:term":[{"taxonomy":"category","embeddable":true,"href":"https:\/\/www.egemtv.com\/index.php?rest_route=%2Fwp%2Fv2%2Fcategories&post=11439"},{"taxonomy":"post_tag","embeddable":true,"href":"https:\/\/www.egemtv.com\/index.php?rest_route=%2Fwp%2Fv2%2Ftags&post=11439"}],"curies":[{"name":"wp","href":"https:\/\/api.w.org\/{rel}","templated":true}]}}