{"id":11433,"date":"2025-01-22T12:10:55","date_gmt":"2025-01-22T09:10:55","guid":{"rendered":"https:\/\/www.egemtv.com\/?p=11433"},"modified":"2025-01-22T12:10:56","modified_gmt":"2025-01-22T09:10:56","slug":"u16-kizlar-kulup-basketbol-musabakalari-tamamlandi","status":"publish","type":"post","link":"https:\/\/www.egemtv.com\/?p=11433","title":{"rendered":"U16 K\u0131zlar Kul\u00fcp Basketbol M\u00fcsabakalar\u0131 tamamland\u0131"},"content":{"rendered":"<p>Afyonkarahisar\u2019da d\u00fczenlenen U16 K\u0131zlar Kul\u00fcp Basketbol M\u00fcsabakalar\u0131, T\u0131naztepe Spor Salonu\u2019nda sona erdi. Turnuva boyunca gen\u00e7 sporcular, k\u0131yas\u0131ya m\u00fccadele ederek izleyenlere basketbol dolu anlar ya\u015fatt\u0131.<br \/>\n<br \/>Ba\u015far\u0131ya ula\u015fan tak\u0131mlara ve sporculara \u00f6d\u00fclleri, Afyonkarahisar Gen\u00e7lik ve Spor \u0130l M\u00fcd\u00fcrl\u00fc\u011f\u00fc Spor Hizmetleri M\u00fcd\u00fcr\u00fc Y\u0131lmaz Er\u015fen taraf\u0131ndan d\u00fczenlenen \u00f6d\u00fcl t\u00f6reninde takdim edildi. Turnuva boyunca gen\u00e7 sporcular\u0131n g\u00f6sterdi\u011fi performans, izleyicilerden b\u00fcy\u00fck alk\u0131\u015f toplad\u0131. Tak\u0131mlar hem bireysel yeteneklerini sergilerken hem de tak\u0131m oyunundaki ba\u015far\u0131lar\u0131yla dikkat \u00e7ekti.<br \/>\n<br \/>Afyonkarahisar Gen\u00e7lik ve Spor \u0130l M\u00fcd\u00fcr\u00fc \u0130smail Hakk\u0131 Kasapo\u011flu, \u00f6d\u00fcl t\u00f6reninde yapt\u0131\u011f\u0131 a\u00e7\u0131klamada turnuvan\u0131n organizasyonuna katk\u0131da bulunan t\u00fcm payda\u015flara te\u015fekk\u00fcr ederek \u015fu ifadeleri kulland\u0131:<br \/>\n<br \/>\u201cGen\u00e7lerimiz sadece yetenekleriyle de\u011fil, spora olan ba\u011fl\u0131l\u0131klar\u0131 ve azimleriyle de bizlere umut veriyor. Afyonkarahisar, gen\u00e7 sporcular\u0131n yeti\u015fti\u011fi bir \u015fehir olarak her zaman ba\u015far\u0131l\u0131 organizasyonlara ev sahipli\u011fi yapmaya devam edecektir. Bu turnuvada m\u00fccadele eden t\u00fcm sporcular\u0131m\u0131z\u0131 ve onlar\u0131 destekleyen ailelerini tebrik ediyorum. Sporcular\u0131m\u0131zla gurur duyuyoruz.\u201d<br \/><\/p>\n","protected":false},"excerpt":{"rendered":"<p>Afyonkarahisar\u2019da d\u00fczenlenen U16 K\u0131zlar Kul\u00fcp Basketbol M\u00fcsabakalar\u0131, T\u0131naztepe Spor Salonu\u2019nda sona erdi. Turnuva boyunca gen\u00e7 sporcular, k\u0131yas\u0131ya m\u00fccadele ederek izleyenlere basketbol dolu anlar ya\u015fatt\u0131. Ba\u015far\u0131ya ula\u015fan tak\u0131mlara ve sporculara \u00f6d\u00fclleri, Afyonkarahisar Gen\u00e7lik ve Spor \u0130l M\u00fcd\u00fcrl\u00fc\u011f\u00fc Spor Hizmetleri M\u00fcd\u00fcr\u00fc Y\u0131lmaz Er\u015fen taraf\u0131ndan d\u00fczenlenen \u00f6d\u00fcl t\u00f6reninde takdim edildi. Turnuva boyunca gen\u00e7 sporcular\u0131n g\u00f6sterdi\u011fi performans, izleyicilerden b\u00fcy\u00fck&#8230;<\/p>\n","protected":false},"author":1,"featured_media":11434,"comment_status":"open","ping_status":"open","sticky":false,"template":"","format":"standard","meta":{"_crdt_document":"","footnotes":""},"categories":[4],"tags":[],"class_list":["post-11433","post","type-post","status-publish","format-standard","has-post-thumbnail","hentry","category-spor"],"_links":{"self":[{"href":"https:\/\/www.egemtv.com\/index.php?rest_route=\/wp\/v2\/posts\/11433","targetHints":{"allow":["GET"]}}],"collection":[{"href":"https:\/\/www.egemtv.com\/index.php?rest_route=\/wp\/v2\/posts"}],"about":[{"href":"https:\/\/www.egemtv.com\/index.php?rest_route=\/wp\/v2\/types\/post"}],"author":[{"embeddable":true,"href":"https:\/\/www.egemtv.com\/index.php?rest_route=\/wp\/v2\/users\/1"}],"replies":[{"embeddable":true,"href":"https:\/\/www.egemtv.com\/index.php?rest_route=%2Fwp%2Fv2%2Fcomments&post=11433"}],"version-history":[{"count":1,"href":"https:\/\/www.egemtv.com\/index.php?rest_route=\/wp\/v2\/posts\/11433\/revisions"}],"predecessor-version":[{"id":11435,"href":"https:\/\/www.egemtv.com\/index.php?rest_route=\/wp\/v2\/posts\/11433\/revisions\/11435"}],"wp:featuredmedia":[{"embeddable":true,"href":"https:\/\/www.egemtv.com\/index.php?rest_route=\/wp\/v2\/media\/11434"}],"wp:attachment":[{"href":"https:\/\/www.egemtv.com\/index.php?rest_route=%2Fwp%2Fv2%2Fmedia&parent=11433"}],"wp:term":[{"taxonomy":"category","embeddable":true,"href":"https:\/\/www.egemtv.com\/index.php?rest_route=%2Fwp%2Fv2%2Fcategories&post=11433"},{"taxonomy":"post_tag","embeddable":true,"href":"https:\/\/www.egemtv.com\/index.php?rest_route=%2Fwp%2Fv2%2Ftags&post=11433"}],"curies":[{"name":"wp","href":"https:\/\/api.w.org\/{rel}","templated":true}]}}