{"id":11430,"date":"2025-01-22T12:10:52","date_gmt":"2025-01-22T09:10:52","guid":{"rendered":"https:\/\/www.egemtv.com\/?p=11430"},"modified":"2025-01-22T12:10:54","modified_gmt":"2025-01-22T09:10:54","slug":"afyonkarahisarda-kacaklar-yakalandi","status":"publish","type":"post","link":"https:\/\/www.egemtv.com\/?p=11430","title":{"rendered":"Afyonkarahisar\u2019da ka\u00e7aklar yakaland\u0131"},"content":{"rendered":"<p>Afyonkarahisar\u2019da il merkezinde ve \u00c7ay il\u00e7esinde haklar\u0131nda hapis cezas\u0131 bulunan 2 \u015fah\u0131s yakalanarak cezaevine g\u00f6nderildi.<br \/>\n<br \/>Afyonkarahisar \u0130l Jandarma Komutanl\u0131\u011f\u0131, aranan \u015fah\u0131slar\u0131n tespiti ve yakalanmas\u0131na y\u00f6nelik icra edilen \u00f6nleyici kolluk devriyesine devam ediyor.  Edinilen bilgilere g\u00f6re, hakk\u0131nda kumar oynanmas\u0131 i\u00e7in yer ve imkan sa\u011flama su\u00e7undan 2 y\u0131l 6 g\u00fcn hapis cezas\u0131 bulunan N.K. isimli \u015fah\u0131s Afyonkarahisar\u2019da, hakk\u0131nda basit yaralama, kasten yaralama, tehdit su\u00e7lar\u0131ndan 1 y\u0131l 2 ay 29 g\u00fcn hapis cezas\u0131 bulunan T.K. isimli \u015fah\u0131s ise \u00c7ay\u2019da yakaland\u0131. Yakalanan \u015fah\u0131slar, \u00e7\u0131kar\u0131ld\u0131\u011f\u0131 mahkemece tutuklanarak Afyonkarahisar Ceza \u0130nfaz ve Bolvadin Ceza \u0130nfaz Kurumlar\u0131na teslim edildi.<br \/><\/p>\n","protected":false},"excerpt":{"rendered":"<p>Afyonkarahisar\u2019da il merkezinde ve \u00c7ay il\u00e7esinde haklar\u0131nda hapis cezas\u0131 bulunan 2 \u015fah\u0131s yakalanarak cezaevine g\u00f6nderildi. Afyonkarahisar \u0130l Jandarma Komutanl\u0131\u011f\u0131, aranan \u015fah\u0131slar\u0131n tespiti ve yakalanmas\u0131na y\u00f6nelik icra edilen \u00f6nleyici kolluk devriyesine devam ediyor. Edinilen bilgilere g\u00f6re, hakk\u0131nda kumar oynanmas\u0131 i\u00e7in yer ve imkan sa\u011flama su\u00e7undan 2 y\u0131l 6 g\u00fcn hapis cezas\u0131 bulunan N.K. isimli \u015fah\u0131s Afyonkarahisar\u2019da,&#8230;<\/p>\n","protected":false},"author":1,"featured_media":11431,"comment_status":"open","ping_status":"open","sticky":false,"template":"","format":"standard","meta":{"_crdt_document":"","footnotes":""},"categories":[5],"tags":[],"class_list":["post-11430","post","type-post","status-publish","format-standard","has-post-thumbnail","hentry","category-asayis"],"_links":{"self":[{"href":"https:\/\/www.egemtv.com\/index.php?rest_route=\/wp\/v2\/posts\/11430","targetHints":{"allow":["GET"]}}],"collection":[{"href":"https:\/\/www.egemtv.com\/index.php?rest_route=\/wp\/v2\/posts"}],"about":[{"href":"https:\/\/www.egemtv.com\/index.php?rest_route=\/wp\/v2\/types\/post"}],"author":[{"embeddable":true,"href":"https:\/\/www.egemtv.com\/index.php?rest_route=\/wp\/v2\/users\/1"}],"replies":[{"embeddable":true,"href":"https:\/\/www.egemtv.com\/index.php?rest_route=%2Fwp%2Fv2%2Fcomments&post=11430"}],"version-history":[{"count":1,"href":"https:\/\/www.egemtv.com\/index.php?rest_route=\/wp\/v2\/posts\/11430\/revisions"}],"predecessor-version":[{"id":11432,"href":"https:\/\/www.egemtv.com\/index.php?rest_route=\/wp\/v2\/posts\/11430\/revisions\/11432"}],"wp:featuredmedia":[{"embeddable":true,"href":"https:\/\/www.egemtv.com\/index.php?rest_route=\/wp\/v2\/media\/11431"}],"wp:attachment":[{"href":"https:\/\/www.egemtv.com\/index.php?rest_route=%2Fwp%2Fv2%2Fmedia&parent=11430"}],"wp:term":[{"taxonomy":"category","embeddable":true,"href":"https:\/\/www.egemtv.com\/index.php?rest_route=%2Fwp%2Fv2%2Fcategories&post=11430"},{"taxonomy":"post_tag","embeddable":true,"href":"https:\/\/www.egemtv.com\/index.php?rest_route=%2Fwp%2Fv2%2Ftags&post=11430"}],"curies":[{"name":"wp","href":"https:\/\/api.w.org\/{rel}","templated":true}]}}