{"id":11427,"date":"2025-01-22T12:04:09","date_gmt":"2025-01-22T09:04:09","guid":{"rendered":"https:\/\/www.egemtv.com\/?p=11427"},"modified":"2025-01-22T12:04:10","modified_gmt":"2025-01-22T09:04:10","slug":"zeytin-hirsizlilari-sucustu-yakalandi","status":"publish","type":"post","link":"https:\/\/www.egemtv.com\/?p=11427","title":{"rendered":"Zeytin h\u0131rs\u0131zl\u0131lar\u0131 su\u00e7\u00fcst\u00fc yakaland\u0131"},"content":{"rendered":"<p>Ayd\u0131n\u2019\u0131n Germencik il\u00e7esinde toplad\u0131klar\u0131 200 kilogram zeytini \u00e7alarken yakalanan yakalanan 2 \u015f\u00fcpheli g\u00f6zalt\u0131na al\u0131nd\u0131.<\/p>\n<p>Olay, G\u00fcm\u00fc\u015fyeni Mahallesi\u2019nde ge\u00e7ti\u011fimiz g\u00fcnlerde meydana geldi. Edinilen bilgiye g\u00f6re, bir kamu kurumuna ait zeytin bah\u00e7esinde A.Y. ve C.A. isimli \u015f\u00fcpheli \u015fah\u0131slar toplad\u0131klar\u0131 yakla\u015f\u0131k 200 kilogram zeytin ile birlikte h\u0131rs\u0131zl\u0131k yaparken su\u00e7\u00fcst\u00fc yakaland\u0131. Ele ge\u00e7irilen zeytinler kurum yetkilisine teslim edilirken, \u015f\u00fcpheliler g\u00f6zalt\u0131na al\u0131nd\u0131.<\/p>\n<p>Olayla ilgili soru\u015fturma s\u00fcr\u00fcyor.<br \/><\/p>\n","protected":false},"excerpt":{"rendered":"<p>Ayd\u0131n\u2019\u0131n Germencik il\u00e7esinde toplad\u0131klar\u0131 200 kilogram zeytini \u00e7alarken yakalanan yakalanan 2 \u015f\u00fcpheli g\u00f6zalt\u0131na al\u0131nd\u0131. Olay, G\u00fcm\u00fc\u015fyeni Mahallesi\u2019nde ge\u00e7ti\u011fimiz g\u00fcnlerde meydana geldi. Edinilen bilgiye g\u00f6re, bir kamu kurumuna ait zeytin bah\u00e7esinde A.Y. ve C.A. isimli \u015f\u00fcpheli \u015fah\u0131slar toplad\u0131klar\u0131 yakla\u015f\u0131k 200 kilogram zeytin ile birlikte h\u0131rs\u0131zl\u0131k yaparken su\u00e7\u00fcst\u00fc yakaland\u0131. Ele ge\u00e7irilen zeytinler kurum yetkilisine teslim edilirken, \u015f\u00fcpheliler&#8230;<\/p>\n","protected":false},"author":1,"featured_media":11428,"comment_status":"open","ping_status":"open","sticky":false,"template":"","format":"standard","meta":{"_crdt_document":"","footnotes":""},"categories":[1],"tags":[],"class_list":["post-11427","post","type-post","status-publish","format-standard","has-post-thumbnail","hentry","category-guncel"],"_links":{"self":[{"href":"https:\/\/www.egemtv.com\/index.php?rest_route=\/wp\/v2\/posts\/11427","targetHints":{"allow":["GET"]}}],"collection":[{"href":"https:\/\/www.egemtv.com\/index.php?rest_route=\/wp\/v2\/posts"}],"about":[{"href":"https:\/\/www.egemtv.com\/index.php?rest_route=\/wp\/v2\/types\/post"}],"author":[{"embeddable":true,"href":"https:\/\/www.egemtv.com\/index.php?rest_route=\/wp\/v2\/users\/1"}],"replies":[{"embeddable":true,"href":"https:\/\/www.egemtv.com\/index.php?rest_route=%2Fwp%2Fv2%2Fcomments&post=11427"}],"version-history":[{"count":1,"href":"https:\/\/www.egemtv.com\/index.php?rest_route=\/wp\/v2\/posts\/11427\/revisions"}],"predecessor-version":[{"id":11429,"href":"https:\/\/www.egemtv.com\/index.php?rest_route=\/wp\/v2\/posts\/11427\/revisions\/11429"}],"wp:featuredmedia":[{"embeddable":true,"href":"https:\/\/www.egemtv.com\/index.php?rest_route=\/wp\/v2\/media\/11428"}],"wp:attachment":[{"href":"https:\/\/www.egemtv.com\/index.php?rest_route=%2Fwp%2Fv2%2Fmedia&parent=11427"}],"wp:term":[{"taxonomy":"category","embeddable":true,"href":"https:\/\/www.egemtv.com\/index.php?rest_route=%2Fwp%2Fv2%2Fcategories&post=11427"},{"taxonomy":"post_tag","embeddable":true,"href":"https:\/\/www.egemtv.com\/index.php?rest_route=%2Fwp%2Fv2%2Ftags&post=11427"}],"curies":[{"name":"wp","href":"https:\/\/api.w.org\/{rel}","templated":true}]}}