{"id":11424,"date":"2025-01-22T12:00:54","date_gmt":"2025-01-22T09:00:54","guid":{"rendered":"https:\/\/www.egemtv.com\/?p=11424"},"modified":"2025-01-22T12:00:56","modified_gmt":"2025-01-22T09:00:56","slug":"altinordu-son-8-macta-1-kez-kaybetti","status":"publish","type":"post","link":"https:\/\/www.egemtv.com\/?p=11424","title":{"rendered":"Alt\u0131nordu, son 8 ma\u00e7ta 1 kez kaybetti"},"content":{"rendered":"<p>Alt\u0131nordu, TFF 2. Lig Beyaz Grup\u2019ta oynad\u0131\u011f\u0131 son 8 ma\u00e7\u0131nda 5 galibiyet ve 2 beraberlik al\u0131rken bu s\u00fcre\u00e7te sadece 1 kez kaybetti.<br \/>\n<br \/>TFF 2. Lig Beyaz Grup ekiplerinden Alt\u0131nordu, 18 hafta itibar\u0131yla toplad\u0131\u011f\u0131 puanlarla zirve takibini s\u00fcrd\u00fcrmeye devam ediyor. \u0130zmir ekibi; \u015fu ana kadar 10 galibiyet, 6 beraberlik ve 2 ma\u011flubiyet alarak toplad\u0131\u011f\u0131 36 puanla 4. s\u0131rada yer al\u0131yor.<br \/>\n<br \/>Ligin en az kaybeden tak\u0131mlar\u0131 aras\u0131nda yer alan Alt\u0131nordu, son 8 haftada ise \u00f6nemli bir performansa imza att\u0131. Bu s\u00fcre\u00e7te sadece \u0130skendersunspor\u2019a kaybeden k\u0131rm\u0131z\u0131-lacivertliler; Karak\u00f6pr\u00fc Belediyespor, Altay, 1461 Trabzon FK, Adana 01 FK ve Afyonspor\u2019u ma\u011flup ederken; Sar\u0131yer ve \u0130neg\u00f6lspor ile de berabere kald\u0131.<br \/>\n<br \/>B\u00f6ylece Alt\u0131nordu, arka arkaya oynad\u0131\u011f\u0131 ve sadece 1 kay\u0131p ya\u015fad\u0131\u011f\u0131 8 kar\u015f\u0131la\u015fmada toplayabilece\u011fi 24 puan\u0131n 17\u2019sini toplam\u0131\u015f oldu.<br \/>\n<br \/>\u0130kinci devrenin ilk ma\u00e7\u0131nda \u0130neg\u00f6lspor\u2019la gols\u00fcz bere kalan \u0130zmir ekibi, hafta sonu oynanacak Kepezspor m\u00fcsabakas\u0131n\u0131 kazanarak ikinci yar\u0131n\u0131n ilk galibiyetini almay\u0131 istiyor.<\/p>\n<p>Ersan Parlatan a\u00e7\u0131klanacak<br \/>\n<br \/>\u0130kinci devrenin ilk ma\u00e7\u0131nda \u0130neg\u00f6lspor\u2019la deplasmanda gols\u00fcz berabere kalan Alt\u0131nordu, ya\u015fanan puan kayb\u0131n\u0131n faturas\u0131n\u0131 Teknik Direkt\u00f6r Olcay \u015eahan\u2019a kesip gen\u00e7 \u00e7al\u0131\u015ft\u0131r\u0131c\u0131 ile yollar ay\u0131rma karar\u0131 alm\u0131\u015ft\u0131.<br \/>\n<br \/>\u0130zmir ekibi, \u015eahan\u2019dan bo\u015falan teknik direkt\u00f6rl\u00fck g\u00f6revi i\u00e7in k\u0131sa bir s\u00fcre aray\u0131\u015fa ge\u00e7ip, daha sonra 47 ya\u015f\u0131ndaki teknik adam Ersan Parlatan\u2019la anla\u015fma sa\u011flad\u0131. Deneyimli \u00e7al\u0131\u015ft\u0131r\u0131c\u0131 ile Alt\u0131nordu\u2019nun birlikteli\u011finin k\u0131sa bir s\u00fcre i\u00e7erisinde a\u00e7\u0131klanmas\u0131 bekleniyor.<br \/><\/p>\n","protected":false},"excerpt":{"rendered":"<p>Alt\u0131nordu, TFF 2. Lig Beyaz Grup\u2019ta oynad\u0131\u011f\u0131 son 8 ma\u00e7\u0131nda 5 galibiyet ve 2 beraberlik al\u0131rken bu s\u00fcre\u00e7te sadece 1 kez kaybetti. TFF 2. Lig Beyaz Grup ekiplerinden Alt\u0131nordu, 18 hafta itibar\u0131yla toplad\u0131\u011f\u0131 puanlarla zirve takibini s\u00fcrd\u00fcrmeye devam ediyor. \u0130zmir ekibi; \u015fu ana kadar 10 galibiyet, 6 beraberlik ve 2 ma\u011flubiyet alarak toplad\u0131\u011f\u0131 36 puanla&#8230;<\/p>\n","protected":false},"author":1,"featured_media":11425,"comment_status":"open","ping_status":"open","sticky":false,"template":"","format":"standard","meta":{"_crdt_document":"","footnotes":""},"categories":[4],"tags":[],"class_list":["post-11424","post","type-post","status-publish","format-standard","has-post-thumbnail","hentry","category-spor"],"_links":{"self":[{"href":"https:\/\/www.egemtv.com\/index.php?rest_route=\/wp\/v2\/posts\/11424","targetHints":{"allow":["GET"]}}],"collection":[{"href":"https:\/\/www.egemtv.com\/index.php?rest_route=\/wp\/v2\/posts"}],"about":[{"href":"https:\/\/www.egemtv.com\/index.php?rest_route=\/wp\/v2\/types\/post"}],"author":[{"embeddable":true,"href":"https:\/\/www.egemtv.com\/index.php?rest_route=\/wp\/v2\/users\/1"}],"replies":[{"embeddable":true,"href":"https:\/\/www.egemtv.com\/index.php?rest_route=%2Fwp%2Fv2%2Fcomments&post=11424"}],"version-history":[{"count":1,"href":"https:\/\/www.egemtv.com\/index.php?rest_route=\/wp\/v2\/posts\/11424\/revisions"}],"predecessor-version":[{"id":11426,"href":"https:\/\/www.egemtv.com\/index.php?rest_route=\/wp\/v2\/posts\/11424\/revisions\/11426"}],"wp:featuredmedia":[{"embeddable":true,"href":"https:\/\/www.egemtv.com\/index.php?rest_route=\/wp\/v2\/media\/11425"}],"wp:attachment":[{"href":"https:\/\/www.egemtv.com\/index.php?rest_route=%2Fwp%2Fv2%2Fmedia&parent=11424"}],"wp:term":[{"taxonomy":"category","embeddable":true,"href":"https:\/\/www.egemtv.com\/index.php?rest_route=%2Fwp%2Fv2%2Fcategories&post=11424"},{"taxonomy":"post_tag","embeddable":true,"href":"https:\/\/www.egemtv.com\/index.php?rest_route=%2Fwp%2Fv2%2Ftags&post=11424"}],"curies":[{"name":"wp","href":"https:\/\/api.w.org\/{rel}","templated":true}]}}