{"id":11421,"date":"2025-01-22T11:57:21","date_gmt":"2025-01-22T08:57:21","guid":{"rendered":"https:\/\/www.egemtv.com\/?p=11421"},"modified":"2025-01-22T11:57:21","modified_gmt":"2025-01-22T08:57:21","slug":"1-gunluk-milli-yas-ilan-edildi","status":"publish","type":"post","link":"https:\/\/www.egemtv.com\/?p=11421","title":{"rendered":"1 g\u00fcnl\u00fck milli yas ilan edildi"},"content":{"rendered":"\n<p class=\"wp-block-paragraph\">Cumhurba\u015fkan\u0131 Erdo\u011fan, Bolu&#8217;da 66 ki\u015finin hayat\u0131n\u0131 kaybetti\u011fi yang\u0131n facias\u0131na ili\u015fkin 1 g\u00fcnl\u00fck milli yas ilan edildi\u011fini a\u00e7\u0131klad\u0131.<\/p>\n\n\n\n<p class=\"wp-block-paragraph\">Cumhurba\u015fkan\u0131 Recep Tayyip Erdo\u011fan, &#8220;G\u00fcn siyaset yapma de\u011fil, dayan\u0131\u015fma, bir ve beraber olma g\u00fcn\u00fcd\u00fcr. Siyaset, medya, yerel y\u00f6neticiler dahil t\u00fcm akt\u00f6rlerden vatanda\u015flar\u0131m\u0131z\u0131n ac\u0131s\u0131na h\u00fcrmet g\u00f6stermelerini bekledi\u011fimizi ifade etmek istiyorum&#8221; dedi.<\/p>\n\n\n\n<p class=\"wp-block-paragraph\">&#8220;1 g\u00fcnl\u00fck milli yas ilan edilmi\u015ftir&#8221;<br>Yang\u0131nda hayat\u0131n\u0131 kaybeden vatanda\u015flar i\u00e7in 1 g\u00fcnl\u00fck milli yas ilan ettiklerini a\u00e7\u0131klayan Cumhurba\u015fkan\u0131 Erdo\u011fan, &#8220;\u00d6zellikle yak\u0131nlar\u0131n\u0131 kaybeden vatanda\u015flar\u0131m\u0131z\u0131n derin bir teess\u00fcr ve ac\u0131 i\u00e7inde olduklar\u0131n\u0131 biliyoruz. Bu karde\u015flerimizin ac\u0131s\u0131n\u0131 payla\u015fmak amac\u0131yla 1 g\u00fcnl\u00fck Milli Yas ilan edilmi\u015ftir. 22 Ocak 2025 \u00c7ar\u015famba g\u00fcn\u00fc yurdumuzda ve d\u0131\u015f temsilciliklerimizde g\u00fcne\u015fin bat\u0131\u015f\u0131na kadar bayraklar\u0131m\u0131z yar\u0131ya \u00e7ekilecektir. G\u00fcn siyaset yapma de\u011fil, dayan\u0131\u015fma, bir ve beraber olma g\u00fcn\u00fcd\u00fcr. Siyaset, medya, yerel y\u00f6neticiler dahil t\u00fcm akt\u00f6rlerden vatanda\u015flar\u0131m\u0131z\u0131n ac\u0131s\u0131na h\u00fcrmet g\u00f6stermelerini bekledi\u011fimizi ifade etmek istiyorum. Bir kez daha vefat eden vatanda\u015flar\u0131m\u0131za Allah\u2019tan rahmet, ailelerine sab\u0131r, milletimize ba\u015fsa\u011fl\u0131\u011f\u0131 ve ge\u00e7mi\u015f olsun dileklerimizi iletiyorum. Rabbim \u00fclkemizi ve milletimizi bu t\u00fcr elim olaylardan muhafaza eylesin diyorum&#8221; a\u00e7\u0131klamas\u0131n\u0131 yapt\u0131.ard\u0131mc\u0131m\u0131z olsun diyorum&#8221; \u015feklinde konu\u015ftu.<\/p>\n","protected":false},"excerpt":{"rendered":"<p>Cumhurba\u015fkan\u0131 Erdo\u011fan, Bolu&#8217;da 66 ki\u015finin hayat\u0131n\u0131 kaybetti\u011fi yang\u0131n facias\u0131na ili\u015fkin 1 g\u00fcnl\u00fck milli yas ilan edildi\u011fini a\u00e7\u0131klad\u0131. Cumhurba\u015fkan\u0131 Recep Tayyip Erdo\u011fan, &#8220;G\u00fcn siyaset yapma de\u011fil, dayan\u0131\u015fma, bir ve beraber olma g\u00fcn\u00fcd\u00fcr. Siyaset, medya, yerel y\u00f6neticiler dahil t\u00fcm akt\u00f6rlerden vatanda\u015flar\u0131m\u0131z\u0131n ac\u0131s\u0131na h\u00fcrmet g\u00f6stermelerini bekledi\u011fimizi ifade etmek istiyorum&#8221; dedi. &#8220;1 g\u00fcnl\u00fck milli yas ilan edilmi\u015ftir&#8221;Yang\u0131nda hayat\u0131n\u0131 kaybeden&#8230;<\/p>\n","protected":false},"author":1,"featured_media":11422,"comment_status":"open","ping_status":"open","sticky":false,"template":"","format":"standard","meta":{"_crdt_document":"","footnotes":""},"categories":[123],"tags":[],"class_list":["post-11421","post","type-post","status-publish","format-standard","has-post-thumbnail","hentry","category-gundem"],"_links":{"self":[{"href":"https:\/\/www.egemtv.com\/index.php?rest_route=\/wp\/v2\/posts\/11421","targetHints":{"allow":["GET"]}}],"collection":[{"href":"https:\/\/www.egemtv.com\/index.php?rest_route=\/wp\/v2\/posts"}],"about":[{"href":"https:\/\/www.egemtv.com\/index.php?rest_route=\/wp\/v2\/types\/post"}],"author":[{"embeddable":true,"href":"https:\/\/www.egemtv.com\/index.php?rest_route=\/wp\/v2\/users\/1"}],"replies":[{"embeddable":true,"href":"https:\/\/www.egemtv.com\/index.php?rest_route=%2Fwp%2Fv2%2Fcomments&post=11421"}],"version-history":[{"count":1,"href":"https:\/\/www.egemtv.com\/index.php?rest_route=\/wp\/v2\/posts\/11421\/revisions"}],"predecessor-version":[{"id":11423,"href":"https:\/\/www.egemtv.com\/index.php?rest_route=\/wp\/v2\/posts\/11421\/revisions\/11423"}],"wp:featuredmedia":[{"embeddable":true,"href":"https:\/\/www.egemtv.com\/index.php?rest_route=\/wp\/v2\/media\/11422"}],"wp:attachment":[{"href":"https:\/\/www.egemtv.com\/index.php?rest_route=%2Fwp%2Fv2%2Fmedia&parent=11421"}],"wp:term":[{"taxonomy":"category","embeddable":true,"href":"https:\/\/www.egemtv.com\/index.php?rest_route=%2Fwp%2Fv2%2Fcategories&post=11421"},{"taxonomy":"post_tag","embeddable":true,"href":"https:\/\/www.egemtv.com\/index.php?rest_route=%2Fwp%2Fv2%2Ftags&post=11421"}],"curies":[{"name":"wp","href":"https:\/\/api.w.org\/{rel}","templated":true}]}}