{"id":11415,"date":"2025-01-22T11:46:59","date_gmt":"2025-01-22T08:46:59","guid":{"rendered":"https:\/\/www.egemtv.com\/?p=11415"},"modified":"2025-01-22T11:47:01","modified_gmt":"2025-01-22T08:47:01","slug":"manisa-fk-altyapisindan-yetisen-bulut-uysal-ile-profesyonel-sozlesme-imzaladi","status":"publish","type":"post","link":"https:\/\/www.egemtv.com\/?p=11415","title":{"rendered":"Manisa FK altyap\u0131s\u0131ndan yeti\u015fen Bulut Uysal ile profesyonel s\u00f6zle\u015fme imzalad\u0131"},"content":{"rendered":"<p>Trendyol 1. Lig ekiplerinden Manisa Futbol Kul\u00fcb\u00fc, altyap\u0131s\u0131ndan yeti\u015fen 17 ya\u015f\u0131ndaki Manisal\u0131 gen\u00e7 yetenek Bulut Uysal ile profesyonel s\u00f6zle\u015fme imzalad\u0131. \u0130mza t\u00f6reninde konu\u015fan Bulut, \u201cKariyerimin en \u00f6nemli ad\u0131mlar\u0131ndan birini at\u0131yorum. Bana g\u00fcvenen, inanan herkese te\u015fekk\u00fcr ediyorum\u201d dedi.<br \/>\n<br \/>Manisa Futbol Kul\u00fcb\u00fc, Manisa FK akademisinden yeti\u015fen 2007 do\u011fumlu orta saha oyuncusu Bulut Uysal ile profesyonel s\u00f6zle\u015fme imzalad\u0131. \u0130mza t\u00f6renine Sportif Direkt\u00f6r Serkan \u0130\u015fyapan kat\u0131ld\u0131. \u0130mza t\u00f6reninde konu\u015fan gen\u00e7 futbolcu Bulut Uysal, \u201cBug\u00fcn kariyerimin en \u00f6nemli ad\u0131mlar\u0131ndan birini at\u0131yorum. Manisa Futbol Kul\u00fcb\u00fc formas\u0131yla profesyonel kariyerime ge\u00e7ti\u011fim i\u00e7in \u00e7ok mutluyum. Bana g\u00fcvenen ve inanan t\u00fcm y\u00f6neticilerime ve hocalar\u0131ma te\u015fekk\u00fcr ediyorum. \u00c7ok \u00e7al\u0131\u015f\u0131p tak\u0131m\u0131m\u0131n ba\u015far\u0131s\u0131 i\u00e7in m\u00fccadele edece\u011fim\u201d dedi.<\/p>\n<p>Serkan \u0130\u015fyapan: \u201cBulut, yeteneklerine g\u00fcvendi\u011fimiz bir oyuncu\u201d<br \/>\n<br \/>Bulut Uysal\u2019a profesyonel kariyerinde ba\u015far\u0131lar dileyen Sportif Direkt\u00f6r Serkan \u0130\u015fyapan ise, \u201cBulut Uysal, U17 Tak\u0131m\u0131m\u0131zda dikkat \u00e7eken \u00e7ok \u00f6nemli bir yetenek. Akademimizden yeti\u015fen ve A tak\u0131ma kat\u0131lan oyuncular her zaman \u00e7ok de\u011ferlidir. Bulut\u2019un \u00f6n\u00fcm\u00fczdeki s\u00fcre\u00e7te \u00e7ok ba\u015far\u0131l\u0131 olaca\u011f\u0131na y\u00fcrekten inan\u0131yorum ve Manisa Futbol Kul\u00fcb\u00fc formam\u0131zla ba\u015far\u0131lar diliyorum\u201d \u015feklinde konu\u015ftu.<br \/><\/p>\n","protected":false},"excerpt":{"rendered":"<p>Trendyol 1. Lig ekiplerinden Manisa Futbol Kul\u00fcb\u00fc, altyap\u0131s\u0131ndan yeti\u015fen 17 ya\u015f\u0131ndaki Manisal\u0131 gen\u00e7 yetenek Bulut Uysal ile profesyonel s\u00f6zle\u015fme imzalad\u0131. \u0130mza t\u00f6reninde konu\u015fan Bulut, \u201cKariyerimin en \u00f6nemli ad\u0131mlar\u0131ndan birini at\u0131yorum. Bana g\u00fcvenen, inanan herkese te\u015fekk\u00fcr ediyorum\u201d dedi. Manisa Futbol Kul\u00fcb\u00fc, Manisa FK akademisinden yeti\u015fen 2007 do\u011fumlu orta saha oyuncusu Bulut Uysal ile profesyonel s\u00f6zle\u015fme imzalad\u0131&#8230;.<\/p>\n","protected":false},"author":1,"featured_media":11416,"comment_status":"open","ping_status":"open","sticky":false,"template":"","format":"standard","meta":{"_crdt_document":"","footnotes":""},"categories":[4],"tags":[],"class_list":["post-11415","post","type-post","status-publish","format-standard","has-post-thumbnail","hentry","category-spor"],"_links":{"self":[{"href":"https:\/\/www.egemtv.com\/index.php?rest_route=\/wp\/v2\/posts\/11415","targetHints":{"allow":["GET"]}}],"collection":[{"href":"https:\/\/www.egemtv.com\/index.php?rest_route=\/wp\/v2\/posts"}],"about":[{"href":"https:\/\/www.egemtv.com\/index.php?rest_route=\/wp\/v2\/types\/post"}],"author":[{"embeddable":true,"href":"https:\/\/www.egemtv.com\/index.php?rest_route=\/wp\/v2\/users\/1"}],"replies":[{"embeddable":true,"href":"https:\/\/www.egemtv.com\/index.php?rest_route=%2Fwp%2Fv2%2Fcomments&post=11415"}],"version-history":[{"count":1,"href":"https:\/\/www.egemtv.com\/index.php?rest_route=\/wp\/v2\/posts\/11415\/revisions"}],"predecessor-version":[{"id":11417,"href":"https:\/\/www.egemtv.com\/index.php?rest_route=\/wp\/v2\/posts\/11415\/revisions\/11417"}],"wp:featuredmedia":[{"embeddable":true,"href":"https:\/\/www.egemtv.com\/index.php?rest_route=\/wp\/v2\/media\/11416"}],"wp:attachment":[{"href":"https:\/\/www.egemtv.com\/index.php?rest_route=%2Fwp%2Fv2%2Fmedia&parent=11415"}],"wp:term":[{"taxonomy":"category","embeddable":true,"href":"https:\/\/www.egemtv.com\/index.php?rest_route=%2Fwp%2Fv2%2Fcategories&post=11415"},{"taxonomy":"post_tag","embeddable":true,"href":"https:\/\/www.egemtv.com\/index.php?rest_route=%2Fwp%2Fv2%2Ftags&post=11415"}],"curies":[{"name":"wp","href":"https:\/\/api.w.org\/{rel}","templated":true}]}}