{"id":11409,"date":"2025-01-22T11:43:21","date_gmt":"2025-01-22T08:43:21","guid":{"rendered":"https:\/\/www.egemtv.com\/?p=11409"},"modified":"2025-01-22T11:43:23","modified_gmt":"2025-01-22T08:43:23","slug":"baskan-arici-2026-yilina-kadar-kocarlida-dogalgaz-almayan-merkez-mahalle-kalmayacak","status":"publish","type":"post","link":"https:\/\/www.egemtv.com\/?p=11409","title":{"rendered":"Ba\u015fkan Ar\u0131c\u0131 &#8220;2026 y\u0131l\u0131na kadar Ko\u00e7arl\u0131\u2019da do\u011falgaz almayan merkez mahalle kalmayacak&#8221;"},"content":{"rendered":"<p>Ko\u00e7arl\u0131 Belediye Ba\u015fkan\u0131 \u00d6zg\u00fcr Ar\u0131c\u0131, il\u00e7ede s\u00fcren do\u011falgaz \u00e7al\u0131\u015fmalar\u0131na ili\u015fkin \u00f6nemli a\u00e7\u0131klamalarda bulundu.<\/p>\n<p>Ba\u015fkan Ar\u0131c\u0131, 2026 y\u0131l\u0131na kadar Ko\u00e7arl\u0131\u2019da do\u011falgaz almayan merkez mahalle ve sokak kalmayaca\u011f\u0131n\u0131, Atat\u00fcrk Mahallesi ve B\u00fcy\u00fckdere Mahallesi ba\u015fta olmak \u00fczere t\u00fcm merkez mahallelerin do\u011falgaz konforuyla bulu\u015faca\u011f\u0131n\u0131 m\u00fcjdeledi.<\/p>\n<p>Ba\u015fkan \u00d6zg\u00fcr Ar\u0131c\u0131, &#8220;Ko\u00e7arl\u0131\u2019m\u0131z\u0131n daha modern ve ya\u015fanabilir bir il\u00e7e olmas\u0131 i\u00e7in var g\u00fcc\u00fcm\u00fczle \u00e7al\u0131\u015fmaya devam ediyoruz. Ko\u00e7arl\u0131\u2019n\u0131n gelece\u011fini \u015fekillendiren projelerle vatanda\u015flar\u0131m\u0131za daha konforlu bir ya\u015fam sunmay\u0131 hedefliyoruz\u201d diye konu\u015ftu.<br \/><\/p>\n","protected":false},"excerpt":{"rendered":"<p>Ko\u00e7arl\u0131 Belediye Ba\u015fkan\u0131 \u00d6zg\u00fcr Ar\u0131c\u0131, il\u00e7ede s\u00fcren do\u011falgaz \u00e7al\u0131\u015fmalar\u0131na ili\u015fkin \u00f6nemli a\u00e7\u0131klamalarda bulundu. Ba\u015fkan Ar\u0131c\u0131, 2026 y\u0131l\u0131na kadar Ko\u00e7arl\u0131\u2019da do\u011falgaz almayan merkez mahalle ve sokak kalmayaca\u011f\u0131n\u0131, Atat\u00fcrk Mahallesi ve B\u00fcy\u00fckdere Mahallesi ba\u015fta olmak \u00fczere t\u00fcm merkez mahallelerin do\u011falgaz konforuyla bulu\u015faca\u011f\u0131n\u0131 m\u00fcjdeledi. Ba\u015fkan \u00d6zg\u00fcr Ar\u0131c\u0131, &#8220;Ko\u00e7arl\u0131\u2019m\u0131z\u0131n daha modern ve ya\u015fanabilir bir il\u00e7e olmas\u0131 i\u00e7in var g\u00fcc\u00fcm\u00fczle&#8230;<\/p>\n","protected":false},"author":1,"featured_media":11410,"comment_status":"open","ping_status":"open","sticky":false,"template":"","format":"standard","meta":{"_crdt_document":"","footnotes":""},"categories":[1],"tags":[],"class_list":["post-11409","post","type-post","status-publish","format-standard","has-post-thumbnail","hentry","category-guncel"],"_links":{"self":[{"href":"https:\/\/www.egemtv.com\/index.php?rest_route=\/wp\/v2\/posts\/11409","targetHints":{"allow":["GET"]}}],"collection":[{"href":"https:\/\/www.egemtv.com\/index.php?rest_route=\/wp\/v2\/posts"}],"about":[{"href":"https:\/\/www.egemtv.com\/index.php?rest_route=\/wp\/v2\/types\/post"}],"author":[{"embeddable":true,"href":"https:\/\/www.egemtv.com\/index.php?rest_route=\/wp\/v2\/users\/1"}],"replies":[{"embeddable":true,"href":"https:\/\/www.egemtv.com\/index.php?rest_route=%2Fwp%2Fv2%2Fcomments&post=11409"}],"version-history":[{"count":1,"href":"https:\/\/www.egemtv.com\/index.php?rest_route=\/wp\/v2\/posts\/11409\/revisions"}],"predecessor-version":[{"id":11411,"href":"https:\/\/www.egemtv.com\/index.php?rest_route=\/wp\/v2\/posts\/11409\/revisions\/11411"}],"wp:featuredmedia":[{"embeddable":true,"href":"https:\/\/www.egemtv.com\/index.php?rest_route=\/wp\/v2\/media\/11410"}],"wp:attachment":[{"href":"https:\/\/www.egemtv.com\/index.php?rest_route=%2Fwp%2Fv2%2Fmedia&parent=11409"}],"wp:term":[{"taxonomy":"category","embeddable":true,"href":"https:\/\/www.egemtv.com\/index.php?rest_route=%2Fwp%2Fv2%2Fcategories&post=11409"},{"taxonomy":"post_tag","embeddable":true,"href":"https:\/\/www.egemtv.com\/index.php?rest_route=%2Fwp%2Fv2%2Ftags&post=11409"}],"curies":[{"name":"wp","href":"https:\/\/api.w.org\/{rel}","templated":true}]}}