{"id":11406,"date":"2025-01-22T11:33:56","date_gmt":"2025-01-22T08:33:56","guid":{"rendered":"https:\/\/www.egemtv.com\/?p=11406"},"modified":"2025-01-22T11:33:57","modified_gmt":"2025-01-22T08:33:57","slug":"aracla-gelip-is-yerine-kursun-yagdiran-saldirgan-yakalandi","status":"publish","type":"post","link":"https:\/\/www.egemtv.com\/?p=11406","title":{"rendered":"Ara\u00e7la gelip i\u015f yerine kur\u015fun ya\u011fd\u0131ran sald\u0131rgan yakaland\u0131"},"content":{"rendered":"<p>\u0130zmir\u2019in Buca il\u00e7esinde i\u015f yerini kur\u015funlay\u0131p ka\u00e7an sald\u0131rgan kamera kay\u0131tlar\u0131ndan tespit edilip yakaland\u0131. Zanl\u0131 \u00e7\u0131kar\u0131ld\u0131\u011f\u0131 mahkemece tutukland\u0131.<br \/>\n<br \/>Olay, \u00f6nceki g\u00fcn Buca il\u00e7esi Koza\u011fa\u00e7 Mahallesi\u2019nde meydana geldi. S.Y.\u2019ye (58) ait bir i\u015f yeri, otomobiliyle b\u00f6lgeye gelen bir ki\u015fi taraf\u0131ndan kur\u015funland\u0131. \u015eikayet \u00fczerine \u0130zmir Asayi\u015f \u015eube M\u00fcd\u00fcrl\u00fc\u011f\u00fc Gasp B\u00fcro Amirli\u011fi, Su\u00e7 Analiz Merkezi (SAM) B\u00fcro Amirli\u011fi ve Buca \u0130l\u00e7e Emniyet M\u00fcd\u00fcrl\u00fc\u011f\u00fc ekipleri, \u015f\u00fcpheliyi yakalamak i\u00e7in \u00e7al\u0131\u015fma ba\u015flatt\u0131. \u00c7evredeki g\u00fcvenlik kameras\u0131 g\u00f6r\u00fcnt\u00fclerini inceleyen polis, \u015f\u00fcphelinin K.K. (23) oldu\u011funu belirledi. Silahl\u0131 sald\u0131rgan polis ekiplerince k\u0131sk\u0131vrak yakalanarak g\u00f6zalt\u0131na al\u0131nd\u0131. Emniyetteki i\u015flemlerin ard\u0131ndan adliyeye sevk edilen zanl\u0131, \u00e7\u0131kar\u0131ld\u0131\u011f\u0131 mahkemece tutukland\u0131.<br \/><\/p>\n","protected":false},"excerpt":{"rendered":"<p>\u0130zmir\u2019in Buca il\u00e7esinde i\u015f yerini kur\u015funlay\u0131p ka\u00e7an sald\u0131rgan kamera kay\u0131tlar\u0131ndan tespit edilip yakaland\u0131. Zanl\u0131 \u00e7\u0131kar\u0131ld\u0131\u011f\u0131 mahkemece tutukland\u0131. Olay, \u00f6nceki g\u00fcn Buca il\u00e7esi Koza\u011fa\u00e7 Mahallesi\u2019nde meydana geldi. S.Y.\u2019ye (58) ait bir i\u015f yeri, otomobiliyle b\u00f6lgeye gelen bir ki\u015fi taraf\u0131ndan kur\u015funland\u0131. \u015eikayet \u00fczerine \u0130zmir Asayi\u015f \u015eube M\u00fcd\u00fcrl\u00fc\u011f\u00fc Gasp B\u00fcro Amirli\u011fi, Su\u00e7 Analiz Merkezi (SAM) B\u00fcro Amirli\u011fi ve&#8230;<\/p>\n","protected":false},"author":1,"featured_media":11407,"comment_status":"open","ping_status":"open","sticky":false,"template":"","format":"standard","meta":{"_crdt_document":"","footnotes":""},"categories":[5],"tags":[],"class_list":["post-11406","post","type-post","status-publish","format-standard","has-post-thumbnail","hentry","category-asayis"],"_links":{"self":[{"href":"https:\/\/www.egemtv.com\/index.php?rest_route=\/wp\/v2\/posts\/11406","targetHints":{"allow":["GET"]}}],"collection":[{"href":"https:\/\/www.egemtv.com\/index.php?rest_route=\/wp\/v2\/posts"}],"about":[{"href":"https:\/\/www.egemtv.com\/index.php?rest_route=\/wp\/v2\/types\/post"}],"author":[{"embeddable":true,"href":"https:\/\/www.egemtv.com\/index.php?rest_route=\/wp\/v2\/users\/1"}],"replies":[{"embeddable":true,"href":"https:\/\/www.egemtv.com\/index.php?rest_route=%2Fwp%2Fv2%2Fcomments&post=11406"}],"version-history":[{"count":1,"href":"https:\/\/www.egemtv.com\/index.php?rest_route=\/wp\/v2\/posts\/11406\/revisions"}],"predecessor-version":[{"id":11408,"href":"https:\/\/www.egemtv.com\/index.php?rest_route=\/wp\/v2\/posts\/11406\/revisions\/11408"}],"wp:featuredmedia":[{"embeddable":true,"href":"https:\/\/www.egemtv.com\/index.php?rest_route=\/wp\/v2\/media\/11407"}],"wp:attachment":[{"href":"https:\/\/www.egemtv.com\/index.php?rest_route=%2Fwp%2Fv2%2Fmedia&parent=11406"}],"wp:term":[{"taxonomy":"category","embeddable":true,"href":"https:\/\/www.egemtv.com\/index.php?rest_route=%2Fwp%2Fv2%2Fcategories&post=11406"},{"taxonomy":"post_tag","embeddable":true,"href":"https:\/\/www.egemtv.com\/index.php?rest_route=%2Fwp%2Fv2%2Ftags&post=11406"}],"curies":[{"name":"wp","href":"https:\/\/api.w.org\/{rel}","templated":true}]}}