{"id":11403,"date":"2025-01-22T11:31:34","date_gmt":"2025-01-22T08:31:34","guid":{"rendered":"https:\/\/www.egemtv.com\/?p=11403"},"modified":"2025-01-22T11:31:36","modified_gmt":"2025-01-22T08:31:36","slug":"manisa-buyuksehir-belediyesinin-ureticiye-destegi-artarak-devam-edecek","status":"publish","type":"post","link":"https:\/\/www.egemtv.com\/?p=11403","title":{"rendered":"Manisa B\u00fcy\u00fck\u015fehir Belediyesinin \u00fcreticiye deste\u011fi artarak devam edecek"},"content":{"rendered":"<p>Tar\u0131msal kalk\u0131nmay\u0131 desteklemek ve \u00fcreticilerin gelirlerinin artmas\u0131na katk\u0131 sa\u011flamak i\u00e7in \u00e7al\u0131\u015fmalar\u0131n\u0131 s\u00fcrd\u00fcren Manisa B\u00fcy\u00fck\u015fehir Belediyesi, ar\u0131 yeti\u015ftiricileri ve bal \u00fcreticileriyle toplant\u0131 d\u00fczenledi.<br \/>\n<br \/>\u00dcreticilere her zaman destek vermeye devam edeceklerini vurgulayan Manisa B\u00fcy\u00fck\u015fehir Belediye Ba\u015fkan\u0131 Mimar Ferdi Zeyrek, hayata ge\u00e7irilen her projede oldu\u011fu gibi, ar\u0131c\u0131l\u0131kla ilgili \u00e7al\u0131\u015fmalarda da payda\u015flarla g\u00f6r\u00fc\u015f al\u0131\u015fveri\u015finde bulunduklar\u0131n\u0131 belirterek, \u201cBu \u015fekilde yat\u0131r\u0131mlar\u0131n daha do\u011fru olaca\u011f\u0131n\u0131, hedefe daha rahat ula\u015f\u0131labilece\u011fini biliyoruz\u201d dedi.<br \/>\n<br \/>K\u0131rsal kalk\u0131nmay\u0131 \u00f6nceleyen ve \u00fcreticilerin refah\u0131n\u0131 art\u0131rmay\u0131 hedefleyen tar\u0131m politikalar\u0131 do\u011frultusunda \u00e7al\u0131\u015fmalar\u0131na devam eden Manisa B\u00fcy\u00fck\u015fehir Belediyesi, \u00fcreticilerle toplant\u0131lar\u0131n\u0131 s\u00fcrd\u00fcr\u00fcyor. Son olarak Manisa B\u00fcy\u00fck\u015fehir Belediye Ba\u015fkan\u0131 Mimar Ferdi Zeyrek, Manisa Ar\u0131 Yeti\u015ftiricileri Birli\u011fi, Salihli Bal Birli\u011fi ve S.S. Salihli Bal \u00dcreticileri Kooperatifi \u00fcyeleriyle bir araya geldi. Manisa\u2019daki ar\u0131c\u0131l\u0131k faaliyetlerinin g\u00f6r\u00fc\u015f\u00fcld\u00fc\u011f\u00fc toplant\u0131da, Ba\u015fkan Dan\u0131\u015fman\u0131 Prof. Dr. Yusuf Kurucu, K\u0131rsal Hizmetler Dairesi Ba\u015fkan\u0131 Y\u0131lmaz Usta, Tar\u0131m ve Hayvanc\u0131l\u0131k \u015eube M\u00fcd\u00fcr\u00fc \u015eadan Aslay, Salihli Bal \u00dcreticileri Birli\u011fi Ba\u015fkan\u0131 Nuri A\u00e7\u0131kg\u00f6z, Manisa Ar\u0131 Yeti\u015ftiricileri Birli\u011fi Ba\u015fkan\u0131 Mehmet Ali Turgut ve \u00fcreticiler de yer ald\u0131.<\/p>\n<p>\u201c\u0130lk defa b\u00fcy\u00fck\u015fehir belediyesi bize ihtiya\u00e7lar\u0131m\u0131z\u0131 sordu\u201d<br \/>\n<br \/>Ba\u015fkan Ferdi Zeyrek, tar\u0131msal kalk\u0131nmay\u0131 desteklemek amac\u0131yla daha \u00f6nce sulama kooperatifleri ve tar\u0131msal kalk\u0131nma kooperatifleriyle bir araya geldiklerini hat\u0131rlatarak, \u201cBu \u015fekilde hep birlikte asl\u0131nda ihtiya\u00e7lar\u0131m\u0131z\u0131 belirlemeyi ve bu konuda ne gibi destekleri verebilece\u011fimizi g\u00f6r\u00fc\u015fmek istiyoruz. Sizden \u00f6nce buraya gelen bir\u00e7ok kooperatif ba\u015fkan\u0131m\u0131z 10 y\u0131lda ilk defa B\u00fcy\u00fck\u015fehir\u2019in kap\u0131s\u0131ndan i\u00e7eriye girdiklerini s\u00f6yledi. \u2018\u0130lk defa B\u00fcy\u00fck\u015fehir Belediyesi bize ihtiya\u00e7lar\u0131m\u0131z\u0131 sordu\u2019 dediler. Bu bizim i\u00e7in \u00e7ok \u00f6nemli olan bir \u015fey. \u00c7\u00fcnk\u00fc yaln\u0131zca ar\u0131c\u0131lar\u0131m\u0131za destekte de\u011fil, bug\u00fcne kadar yapt\u0131\u011f\u0131m\u0131z her \u015feyde biz payda\u015flara soruyoruz. Bu \u015fekilde yat\u0131r\u0131mlar\u0131n daha do\u011fru olaca\u011f\u0131n\u0131, hedefe daha rahat ula\u015f\u0131labilece\u011fini biliyoruz. O y\u00fczden bug\u00fcn hep birlikteyiz. Sizlerin ihtiya\u00e7lar\u0131n\u0131 \u00f6\u011frenmek istiyoruz\u201d dedi.<\/p>\n<p>\u201cBu toplant\u0131lar\u0131 \u00e7ok \u00f6nemsiyoruz\u201d<br \/>\n<br \/>Manisa B\u00fcy\u00fck\u015fehir Belediyesi\u2019nin, ge\u00e7ti\u011fimiz ay yakla\u015f\u0131k 2 bin ar\u0131 kovan\u0131 da\u011f\u0131tt\u0131\u011f\u0131n\u0131 belirten Ba\u015fkan Zeyrek, bu desteklerin artarak devam edece\u011fini ifade etti. \u015eeffaf bir y\u00f6netim anlay\u0131\u015f\u0131 benimsediklerini vurgulayan Zeyrek, \u201cT\u00fcm g\u00fcc\u00fcm\u00fczle devletin emanet etti\u011fi paray\u0131 sa\u011fa sola ak\u0131tmadan, hakkaniyet ve adaletli bir \u015fekilde da\u011f\u0131tmak ad\u0131na \u00e7al\u0131\u015fmalar\u0131m\u0131z devam ediyor. Her ay internet sitemizden param\u0131z\u0131 nereye harcad\u0131\u011f\u0131m\u0131z\u0131 kuru\u015funa kadar ilan ediyoruz. \u00c7\u00fcnk\u00fc bu \u015feffafl\u0131kla hareket etmemiz gerekiyor. Harcad\u0131\u011f\u0131m\u0131z her kuru\u015f parada Selendi\u2019de, Demirci\u2019de yal\u0131n ayak dola\u015fan \u00e7ocuklar\u0131n hakk\u0131 ve vebali vard\u0131r. Biz bu vebal do\u011frultusunda hareket edece\u011fiz. \u00d6n\u00fcm\u00fczdeki d\u00f6rt y\u0131l\u0131m\u0131z\u0131 bu \u00e7izgiden ayr\u0131\u015fmadan, kooperatif ve \u00fcreticilerimize destek vererek ge\u00e7irmeyi hedefliyoruz. O y\u00fczden bu toplant\u0131lar\u0131 \u00e7ok \u00f6nemsiyoruz. Sizlerin de bizlerle birlikteli\u011fi bizim i\u00e7in \u00e7ok \u00f6nemli. \u0130n\u015fallah el ele, kol kola \u00f6n\u00fcm\u00fczdeki d\u00f6rt y\u0131l\u0131 ge\u00e7irece\u011fiz. \u00dcreticilerimize de her zaman i\u00e7in destek verece\u011fiz\u201d ifadelerini kulland\u0131.<br \/><\/p>\n","protected":false},"excerpt":{"rendered":"<p>Tar\u0131msal kalk\u0131nmay\u0131 desteklemek ve \u00fcreticilerin gelirlerinin artmas\u0131na katk\u0131 sa\u011flamak i\u00e7in \u00e7al\u0131\u015fmalar\u0131n\u0131 s\u00fcrd\u00fcren Manisa B\u00fcy\u00fck\u015fehir Belediyesi, ar\u0131 yeti\u015ftiricileri ve bal \u00fcreticileriyle toplant\u0131 d\u00fczenledi. \u00dcreticilere her zaman destek vermeye devam edeceklerini vurgulayan Manisa B\u00fcy\u00fck\u015fehir Belediye Ba\u015fkan\u0131 Mimar Ferdi Zeyrek, hayata ge\u00e7irilen her projede oldu\u011fu gibi, ar\u0131c\u0131l\u0131kla ilgili \u00e7al\u0131\u015fmalarda da payda\u015flarla g\u00f6r\u00fc\u015f al\u0131\u015fveri\u015finde bulunduklar\u0131n\u0131 belirterek, \u201cBu \u015fekilde yat\u0131r\u0131mlar\u0131n&#8230;<\/p>\n","protected":false},"author":1,"featured_media":11404,"comment_status":"open","ping_status":"open","sticky":false,"template":"","format":"standard","meta":{"_crdt_document":"","footnotes":""},"categories":[125],"tags":[],"class_list":["post-11403","post","type-post","status-publish","format-standard","has-post-thumbnail","hentry","category-ekonomi"],"_links":{"self":[{"href":"https:\/\/www.egemtv.com\/index.php?rest_route=\/wp\/v2\/posts\/11403","targetHints":{"allow":["GET"]}}],"collection":[{"href":"https:\/\/www.egemtv.com\/index.php?rest_route=\/wp\/v2\/posts"}],"about":[{"href":"https:\/\/www.egemtv.com\/index.php?rest_route=\/wp\/v2\/types\/post"}],"author":[{"embeddable":true,"href":"https:\/\/www.egemtv.com\/index.php?rest_route=\/wp\/v2\/users\/1"}],"replies":[{"embeddable":true,"href":"https:\/\/www.egemtv.com\/index.php?rest_route=%2Fwp%2Fv2%2Fcomments&post=11403"}],"version-history":[{"count":1,"href":"https:\/\/www.egemtv.com\/index.php?rest_route=\/wp\/v2\/posts\/11403\/revisions"}],"predecessor-version":[{"id":11405,"href":"https:\/\/www.egemtv.com\/index.php?rest_route=\/wp\/v2\/posts\/11403\/revisions\/11405"}],"wp:featuredmedia":[{"embeddable":true,"href":"https:\/\/www.egemtv.com\/index.php?rest_route=\/wp\/v2\/media\/11404"}],"wp:attachment":[{"href":"https:\/\/www.egemtv.com\/index.php?rest_route=%2Fwp%2Fv2%2Fmedia&parent=11403"}],"wp:term":[{"taxonomy":"category","embeddable":true,"href":"https:\/\/www.egemtv.com\/index.php?rest_route=%2Fwp%2Fv2%2Fcategories&post=11403"},{"taxonomy":"post_tag","embeddable":true,"href":"https:\/\/www.egemtv.com\/index.php?rest_route=%2Fwp%2Fv2%2Ftags&post=11403"}],"curies":[{"name":"wp","href":"https:\/\/api.w.org\/{rel}","templated":true}]}}