{"id":11400,"date":"2025-01-22T11:15:54","date_gmt":"2025-01-22T08:15:54","guid":{"rendered":"https:\/\/www.egemtv.com\/?p=11400"},"modified":"2025-01-22T11:15:56","modified_gmt":"2025-01-22T08:15:56","slug":"cumhuriyet-mahallesi-sakinlerinden-baskan-cerciogluna-pankartli-tesekkur","status":"publish","type":"post","link":"https:\/\/www.egemtv.com\/?p=11400","title":{"rendered":"Cumhuriyet Mahallesi sakinlerinden Ba\u015fkan \u00c7er\u00e7io\u011flu\u2019na pankartl\u0131 te\u015fekk\u00fcr"},"content":{"rendered":"<p>Ayd\u0131n B\u00fcy\u00fck\u015fehir Belediyesi Cumhuriyet Caddesi\u2019ndeki yol yenileme \u00e7al\u0131\u015fmas\u0131n\u0131 tamamlay\u0131p, vatanda\u015flar\u0131n hizmetine sunarken mahalle sakinleri de haz\u0131rlatt\u0131klar\u0131 pankart ile Ayd\u0131n B\u00fcy\u00fck\u015fehir Belediye Ba\u015fkan\u0131 \u00d6zlem \u00c7er\u00e7io\u011flu\u2019na te\u015fekk\u00fcr etti.<\/p>\n<p>Ayd\u0131n B\u00fcy\u00fck\u015fehir Belediyesi, kent genelinde e\u015f zamanl\u0131 olarak s\u00fcrd\u00fcr\u00fclen yol yap\u0131m \u00e7al\u0131\u015fmalar\u0131na devam ediyor. Fen \u0130\u015fleri Dairesi Ba\u015fkanl\u0131\u011f\u0131 Yol Yap\u0131m ve Bak\u0131m \u015eube M\u00fcd\u00fcrl\u00fc\u011f\u00fc ekipleri, Efeler il\u00e7esi Cumhuriyet Caddesi\u2019nde yenileme \u00e7al\u0131\u015fmas\u0131 ger\u00e7ekle\u015ftirdi. Asfalt seriminin sona ermesinin ard\u0131ndan \u00e7izgi, logo ve yaya ge\u00e7idi \u00e7al\u0131\u015fmalar\u0131 tamamlanan yol, daha g\u00fcvenli ve modern haliyle vatanda\u015flar\u0131n kullan\u0131m\u0131na sunuldu. Yol yap\u0131m \u00e7al\u0131\u015fmalar\u0131n\u0131n tamamlanmas\u0131n\u0131n ard\u0131ndan mahalle sakinleri haz\u0131rlatt\u0131klar\u0131 pankartla Ayd\u0131n B\u00fcy\u00fck\u015fehir Belediye Ba\u015fkan\u0131 \u00d6zlem \u00c7er\u00e7io\u011flu\u2019na te\u015fekk\u00fcr etti.<\/p>\n<p>Adnan Menderes Bulvar\u0131\u2019ndan Cumhuriyet Caddesi giri\u015finde yer alan ve Cumhuriyet Mahallesi sakinlerinin imzas\u0131n\u0131 ta\u015f\u0131yan pankartta, &#8220;Mahallemizde yap\u0131lan s\u0131cak asfalt \u00e7al\u0131\u015fmalar\u0131ndan dolay\u0131 say\u0131n ba\u015fkan\u0131m\u0131z \u00d6zlem \u00c7er\u00e7io\u011flu\u2019n te\u015fekk\u00fcr ederiz&#8221; ifadelerine yer verildi.<br \/><\/p>\n","protected":false},"excerpt":{"rendered":"<p>Ayd\u0131n B\u00fcy\u00fck\u015fehir Belediyesi Cumhuriyet Caddesi\u2019ndeki yol yenileme \u00e7al\u0131\u015fmas\u0131n\u0131 tamamlay\u0131p, vatanda\u015flar\u0131n hizmetine sunarken mahalle sakinleri de haz\u0131rlatt\u0131klar\u0131 pankart ile Ayd\u0131n B\u00fcy\u00fck\u015fehir Belediye Ba\u015fkan\u0131 \u00d6zlem \u00c7er\u00e7io\u011flu\u2019na te\u015fekk\u00fcr etti. Ayd\u0131n B\u00fcy\u00fck\u015fehir Belediyesi, kent genelinde e\u015f zamanl\u0131 olarak s\u00fcrd\u00fcr\u00fclen yol yap\u0131m \u00e7al\u0131\u015fmalar\u0131na devam ediyor. Fen \u0130\u015fleri Dairesi Ba\u015fkanl\u0131\u011f\u0131 Yol Yap\u0131m ve Bak\u0131m \u015eube M\u00fcd\u00fcrl\u00fc\u011f\u00fc ekipleri, Efeler il\u00e7esi Cumhuriyet Caddesi\u2019nde&#8230;<\/p>\n","protected":false},"author":1,"featured_media":11401,"comment_status":"open","ping_status":"open","sticky":false,"template":"","format":"standard","meta":{"_crdt_document":"","footnotes":""},"categories":[1],"tags":[],"class_list":["post-11400","post","type-post","status-publish","format-standard","has-post-thumbnail","hentry","category-guncel"],"_links":{"self":[{"href":"https:\/\/www.egemtv.com\/index.php?rest_route=\/wp\/v2\/posts\/11400","targetHints":{"allow":["GET"]}}],"collection":[{"href":"https:\/\/www.egemtv.com\/index.php?rest_route=\/wp\/v2\/posts"}],"about":[{"href":"https:\/\/www.egemtv.com\/index.php?rest_route=\/wp\/v2\/types\/post"}],"author":[{"embeddable":true,"href":"https:\/\/www.egemtv.com\/index.php?rest_route=\/wp\/v2\/users\/1"}],"replies":[{"embeddable":true,"href":"https:\/\/www.egemtv.com\/index.php?rest_route=%2Fwp%2Fv2%2Fcomments&post=11400"}],"version-history":[{"count":1,"href":"https:\/\/www.egemtv.com\/index.php?rest_route=\/wp\/v2\/posts\/11400\/revisions"}],"predecessor-version":[{"id":11402,"href":"https:\/\/www.egemtv.com\/index.php?rest_route=\/wp\/v2\/posts\/11400\/revisions\/11402"}],"wp:featuredmedia":[{"embeddable":true,"href":"https:\/\/www.egemtv.com\/index.php?rest_route=\/wp\/v2\/media\/11401"}],"wp:attachment":[{"href":"https:\/\/www.egemtv.com\/index.php?rest_route=%2Fwp%2Fv2%2Fmedia&parent=11400"}],"wp:term":[{"taxonomy":"category","embeddable":true,"href":"https:\/\/www.egemtv.com\/index.php?rest_route=%2Fwp%2Fv2%2Fcategories&post=11400"},{"taxonomy":"post_tag","embeddable":true,"href":"https:\/\/www.egemtv.com\/index.php?rest_route=%2Fwp%2Fv2%2Ftags&post=11400"}],"curies":[{"name":"wp","href":"https:\/\/api.w.org\/{rel}","templated":true}]}}