{"id":11397,"date":"2025-01-22T11:15:51","date_gmt":"2025-01-22T08:15:51","guid":{"rendered":"https:\/\/www.egemtv.com\/?p=11397"},"modified":"2025-01-22T11:15:53","modified_gmt":"2025-01-22T08:15:53","slug":"jandarma-sehit-ailesini-unutmadi","status":"publish","type":"post","link":"https:\/\/www.egemtv.com\/?p=11397","title":{"rendered":"Jandarma, \u015fehit ailesini unutmad\u0131"},"content":{"rendered":"<p>Ayd\u0131n\u2019da jandarma ekipleri, 27 y\u0131l \u00f6nce Van\u2019da \u015fehit d\u00fc\u015fen \u015eehit Jandarma Komando \u00c7avu\u015f Muharrem Yanal\u2019\u0131n ailesini unutmad\u0131.<\/p>\n<p>Ayd\u0131n \u0130l Jandarma Komutanl\u0131\u011f\u0131 koordinesinde ger\u00e7ekle\u015ftirilen ziyaretler aral\u0131ks\u0131z s\u00fcrerken, jandarma ekipleri \u015fehit ailelerini unutmuyor. \u0130l genelinde bir\u00e7ok \u015fehit ailesi ve gazileri yaln\u0131z b\u0131rakmayan jandarma ekipleri, son olarak 21 Ocak 1998 y\u0131l\u0131nda Van\u2019da \u015fehit d\u00fc\u015fen \u015eehit Jandarma Komando \u00c7avu\u015f Muharrem Yanal\u2019\u0131n S\u00f6ke il\u00e7esinde ya\u015fayan ailesini ziyarette etti. Ziyarette duygu dolu anlar ya\u015fan\u0131rken, \u0130l Jandarma Komutanl\u0131\u011f\u0131\u2019ndan yap\u0131lan payla\u015f\u0131mda &#8220;\u015eehitlerimizin fedakarl\u0131\u011f\u0131n\u0131 ve ideallerini asla unutmayarak ziyaretlerimizi ger\u00e7ekle\u015ftirmeye devam edece\u011fiz&#8221; ifadeleri yer ald\u0131.<br \/><\/p>\n","protected":false},"excerpt":{"rendered":"<p>Ayd\u0131n\u2019da jandarma ekipleri, 27 y\u0131l \u00f6nce Van\u2019da \u015fehit d\u00fc\u015fen \u015eehit Jandarma Komando \u00c7avu\u015f Muharrem Yanal\u2019\u0131n ailesini unutmad\u0131. Ayd\u0131n \u0130l Jandarma Komutanl\u0131\u011f\u0131 koordinesinde ger\u00e7ekle\u015ftirilen ziyaretler aral\u0131ks\u0131z s\u00fcrerken, jandarma ekipleri \u015fehit ailelerini unutmuyor. \u0130l genelinde bir\u00e7ok \u015fehit ailesi ve gazileri yaln\u0131z b\u0131rakmayan jandarma ekipleri, son olarak 21 Ocak 1998 y\u0131l\u0131nda Van\u2019da \u015fehit d\u00fc\u015fen \u015eehit Jandarma Komando \u00c7avu\u015f&#8230;<\/p>\n","protected":false},"author":1,"featured_media":11398,"comment_status":"open","ping_status":"open","sticky":false,"template":"","format":"standard","meta":{"_crdt_document":"","footnotes":""},"categories":[1],"tags":[],"class_list":["post-11397","post","type-post","status-publish","format-standard","has-post-thumbnail","hentry","category-guncel"],"_links":{"self":[{"href":"https:\/\/www.egemtv.com\/index.php?rest_route=\/wp\/v2\/posts\/11397","targetHints":{"allow":["GET"]}}],"collection":[{"href":"https:\/\/www.egemtv.com\/index.php?rest_route=\/wp\/v2\/posts"}],"about":[{"href":"https:\/\/www.egemtv.com\/index.php?rest_route=\/wp\/v2\/types\/post"}],"author":[{"embeddable":true,"href":"https:\/\/www.egemtv.com\/index.php?rest_route=\/wp\/v2\/users\/1"}],"replies":[{"embeddable":true,"href":"https:\/\/www.egemtv.com\/index.php?rest_route=%2Fwp%2Fv2%2Fcomments&post=11397"}],"version-history":[{"count":1,"href":"https:\/\/www.egemtv.com\/index.php?rest_route=\/wp\/v2\/posts\/11397\/revisions"}],"predecessor-version":[{"id":11399,"href":"https:\/\/www.egemtv.com\/index.php?rest_route=\/wp\/v2\/posts\/11397\/revisions\/11399"}],"wp:featuredmedia":[{"embeddable":true,"href":"https:\/\/www.egemtv.com\/index.php?rest_route=\/wp\/v2\/media\/11398"}],"wp:attachment":[{"href":"https:\/\/www.egemtv.com\/index.php?rest_route=%2Fwp%2Fv2%2Fmedia&parent=11397"}],"wp:term":[{"taxonomy":"category","embeddable":true,"href":"https:\/\/www.egemtv.com\/index.php?rest_route=%2Fwp%2Fv2%2Fcategories&post=11397"},{"taxonomy":"post_tag","embeddable":true,"href":"https:\/\/www.egemtv.com\/index.php?rest_route=%2Fwp%2Fv2%2Ftags&post=11397"}],"curies":[{"name":"wp","href":"https:\/\/api.w.org\/{rel}","templated":true}]}}