{"id":11394,"date":"2025-01-22T11:07:43","date_gmt":"2025-01-22T08:07:43","guid":{"rendered":"https:\/\/www.egemtv.com\/?p=11394"},"modified":"2025-01-22T11:07:45","modified_gmt":"2025-01-22T08:07:45","slug":"sehit-aileleri-ve-gaziler-icin-onemli-toplanti","status":"publish","type":"post","link":"https:\/\/www.egemtv.com\/?p=11394","title":{"rendered":"\u015eehit aileleri ve gaziler i\u00e7in \u00f6nemli toplant\u0131"},"content":{"rendered":"<p>Manisa\u2019da \u015fehit ailelerine ve gazilere daha iyi hizmet sunabilmek i\u00e7in t\u00fcm kamu kurum ve kurulu\u015flar\u0131 ile sivil toplum kurulu\u015flar\u0131 toplant\u0131 ger\u00e7ekle\u015ftirdi.<br \/>\n<br \/>Manisa Aile ve Sosyal Hizmetler \u0130l M\u00fcd\u00fcrl\u00fc\u011f\u00fc\u2019n\u00fcn ev sahipli\u011fini yapt\u0131\u011f\u0131 toplant\u0131da t\u00fcm kurulu\u015flar\u0131n tek \u00e7at\u0131 alt\u0131nda ileti\u015fim kurabilmesi ve hareket edebilmesi i\u00e7in g\u00f6r\u00fc\u015fmeler ger\u00e7ekle\u015ftirildi. \u015eehit yak\u0131nlar\u0131 ve gazilerin daha iyi \u015fartlara ula\u015fabilmesi i\u00e7in yol haritas\u0131 belirlendi.<\/p>\n<p>\u201c\u00dczerimize d\u00fc\u015feni yapmakla gurur duyar\u0131z\u201d<br \/>\n<br \/>Kurulduklar\u0131 4 ay i\u00e7erisinde \u015fehit yak\u0131nlar\u0131 ve gazilere y\u00f6nelik yard\u0131mlar dahil toplamda 253 faaliyette bulunduklar\u0131n\u0131 belirten Manisa B\u00fcy\u00fck\u015fehir Belediyesi \u015eehit Yak\u0131nlar\u0131 ve Gaziler \u015eube M\u00fcd\u00fcr\u00fc Sel\u00e7uk Y\u0131ld\u0131z, \u201cB\u00fcy\u00fck\u015fehir Belediyesi olarak \u00fczerimize ne d\u00fc\u015f\u00fcyorsa yapmakla gurur duyar\u0131z. Hizmetlerimizi aral\u0131ks\u0131z olarak s\u00fcrd\u00fcrece\u011fiz. \u015eehit yak\u0131nlar\u0131 ve gazilerimizin yan\u0131nday\u0131z, yan\u0131nda olmaya da devam edece\u011fiz\u201d dedi.<br \/>\n<br \/>Toplant\u0131ya; Manisa Aile ve Sosyal Hizmetler \u0130l M\u00fcd\u00fcr\u00fc Murat Ayd\u0131n, Yunusemre Belediye Ba\u015fkan Yard\u0131mc\u0131s\u0131 Mesut Do\u011fan, \u015eehzadeler Sosyal Yard\u0131mla\u015fma ve Dayan\u0131\u015fma Vakf\u0131 M\u00fcd\u00fcr\u00fc Esin A\u011f\u0131rkaya, Yunusemre Sosyal Yard\u0131mla\u015fma ve Dayan\u0131\u015fma Vakf\u0131 M\u00fcd\u00fcr\u00fc Ay\u015fe \u00c7ukurova, Manisa B\u00fcy\u00fck\u015fehir Belediyesi \u015eehit Yak\u0131nlar\u0131 ve Gaziler \u015eube M\u00fcd\u00fcr\u00fc Sel\u00e7uk Y\u0131ld\u0131z, T\u00fcrkiye Harp Malul\u00fc Gaziler \u015eehit Dul ve Yetimleri Derne\u011fi Manisa \u015eubesi Ba\u015fkan\u0131 Yusuf Kay\u0131\u015fkan, T\u00fcrkiye Gaziler ve \u015eehit Aileleri Vakf\u0131 Manisa \u015eube Ba\u015fkan\u0131 Sefer Day\u0131, Manisa Muharip Gaziler Derne\u011fi Ba\u015fkan\u0131 Abdullah Karaka\u015f, \u015eehit Gazi Ailelerini Koruma ve Kalk\u0131nd\u0131rma Derne\u011fi Ba\u015fkan\u0131 \u0130brahim Sagun, Manisa \u015eehit Aileleri ve Gaziler Derne\u011fi Ba\u015fkan\u0131 Cennet K\u00f6r\u00fck,  \u015eehzadeler Belediyesi K\u00fclt\u00fcr M\u00fcd\u00fcr\u00fc Ramazan \u015eevik, Yunusemre Belediyesi Halkla \u0130li\u015fkiler M\u00fcd\u00fcr\u00fc Nuray \u00c7evirmeci, Y\u0130KOB \u015eehitlik Birimi Sorumlusu Mehmet Y\u0131ld\u0131z, Y\u0130KOB \u0130dari ve Mali \u0130\u015fler \u015eube M\u00fcd\u00fcr\u00fc Ay\u015fedudu Karatoprak, Manisa \u0130l Jandarma Komutanl\u0131\u011f\u0131 Personel \u015eube M\u00fcd\u00fcr\u00fc Hasan Ulut\u00fcrk, 8. Komando E\u011fitim Tugay Komutanl\u0131\u011f\u0131 \u015eube M\u00fcd\u00fcr Yard\u0131mc\u0131s\u0131 Ali Da\u015fdelen,  \u0130l M\u00fcft\u00fcl\u00fc\u011f\u00fc \u015eube M\u00fcd\u00fcr\u00fc Emin K\u0131ran, \u015eehzadeler Belediyesi Zab\u0131ta Amiri Niyazi Akoral, Manisa Emniyet M\u00fcd\u00fcrl\u00fc\u011f\u00fc personelleri Seda Aky\u00fcrek ve Hasan \u00d6nc\u00fcl kat\u0131ld\u0131.<br \/><\/p>\n","protected":false},"excerpt":{"rendered":"<p>Manisa\u2019da \u015fehit ailelerine ve gazilere daha iyi hizmet sunabilmek i\u00e7in t\u00fcm kamu kurum ve kurulu\u015flar\u0131 ile sivil toplum kurulu\u015flar\u0131 toplant\u0131 ger\u00e7ekle\u015ftirdi. Manisa Aile ve Sosyal Hizmetler \u0130l M\u00fcd\u00fcrl\u00fc\u011f\u00fc\u2019n\u00fcn ev sahipli\u011fini yapt\u0131\u011f\u0131 toplant\u0131da t\u00fcm kurulu\u015flar\u0131n tek \u00e7at\u0131 alt\u0131nda ileti\u015fim kurabilmesi ve hareket edebilmesi i\u00e7in g\u00f6r\u00fc\u015fmeler ger\u00e7ekle\u015ftirildi. \u015eehit yak\u0131nlar\u0131 ve gazilerin daha iyi \u015fartlara ula\u015fabilmesi i\u00e7in yol&#8230;<\/p>\n","protected":false},"author":1,"featured_media":11395,"comment_status":"open","ping_status":"open","sticky":false,"template":"","format":"standard","meta":{"_crdt_document":"","footnotes":""},"categories":[123],"tags":[],"class_list":["post-11394","post","type-post","status-publish","format-standard","has-post-thumbnail","hentry","category-gundem"],"_links":{"self":[{"href":"https:\/\/www.egemtv.com\/index.php?rest_route=\/wp\/v2\/posts\/11394","targetHints":{"allow":["GET"]}}],"collection":[{"href":"https:\/\/www.egemtv.com\/index.php?rest_route=\/wp\/v2\/posts"}],"about":[{"href":"https:\/\/www.egemtv.com\/index.php?rest_route=\/wp\/v2\/types\/post"}],"author":[{"embeddable":true,"href":"https:\/\/www.egemtv.com\/index.php?rest_route=\/wp\/v2\/users\/1"}],"replies":[{"embeddable":true,"href":"https:\/\/www.egemtv.com\/index.php?rest_route=%2Fwp%2Fv2%2Fcomments&post=11394"}],"version-history":[{"count":1,"href":"https:\/\/www.egemtv.com\/index.php?rest_route=\/wp\/v2\/posts\/11394\/revisions"}],"predecessor-version":[{"id":11396,"href":"https:\/\/www.egemtv.com\/index.php?rest_route=\/wp\/v2\/posts\/11394\/revisions\/11396"}],"wp:featuredmedia":[{"embeddable":true,"href":"https:\/\/www.egemtv.com\/index.php?rest_route=\/wp\/v2\/media\/11395"}],"wp:attachment":[{"href":"https:\/\/www.egemtv.com\/index.php?rest_route=%2Fwp%2Fv2%2Fmedia&parent=11394"}],"wp:term":[{"taxonomy":"category","embeddable":true,"href":"https:\/\/www.egemtv.com\/index.php?rest_route=%2Fwp%2Fv2%2Fcategories&post=11394"},{"taxonomy":"post_tag","embeddable":true,"href":"https:\/\/www.egemtv.com\/index.php?rest_route=%2Fwp%2Fv2%2Ftags&post=11394"}],"curies":[{"name":"wp","href":"https:\/\/api.w.org\/{rel}","templated":true}]}}