{"id":11391,"date":"2025-01-22T11:04:54","date_gmt":"2025-01-22T08:04:54","guid":{"rendered":"https:\/\/www.egemtv.com\/?p=11391"},"modified":"2025-01-22T11:04:55","modified_gmt":"2025-01-22T08:04:55","slug":"sehzadeler-belediyesinden-lgsye-hazirlik-icin-ozel-egitim-programi","status":"publish","type":"post","link":"https:\/\/www.egemtv.com\/?p=11391","title":{"rendered":"\u015eehzadeler Belediyesi\u2019nden LGS\u2019YE haz\u0131rl\u0131k i\u00e7in \u00f6zel e\u011fitim program\u0131"},"content":{"rendered":"<p>\u015eehzadeler Belediyesi, 7. s\u0131n\u0131f \u00f6\u011frencilerini LGS haz\u0131rl\u0131k s\u00fcrecinde desteklemek i\u00e7in kapsaml\u0131 bir kurs program\u0131 ba\u015flat\u0131yor. Uzman e\u011fitmenler ve \u00f6d\u00fcll\u00fc s\u0131nav f\u0131rsat\u0131yla \u00f6\u011frenciler ba\u015far\u0131ya bir ad\u0131m daha yakla\u015f\u0131yor.<br \/>\n<br \/>\u015eehzadeler Belediyesi, 8. s\u0131n\u0131fa ge\u00e7ecek olan 7. s\u0131n\u0131f \u00f6\u011frencileri i\u00e7in \u00f6zel bir kurs program\u0131 d\u00fczenliyor. LGS\u2019ye haz\u0131rl\u0131k s\u00fcrecinde \u00f6\u011frencilere rehberlik edecek bu program, Mehmet Akif Ersoy Gen\u00e7lik Evi\u2019nde kapsaml\u0131 e\u011fitim imkanlar\u0131yla sunulacak.<br \/>\n<br \/>Kurs program\u0131, bire bir dersler, \u00f6zel grup \u00e7al\u0131\u015fmalar\u0131, mentorluk sistemi ve uzman e\u011fitmen kadrosuyla \u00f6\u011frencilerin s\u0131nav ba\u015far\u0131s\u0131n\u0131 art\u0131rmay\u0131 hedefliyor. Her \u00f6\u011frenciye \u00f6zel atanacak dan\u0131\u015fman \u00f6\u011fretmenler sayesinde \u00f6\u011frenciler, LGS\u2019ye kadar bireysel rehberlik hizmeti alacak.<br \/>\n<br \/>Program\u0131n ba\u015flang\u0131c\u0131nda, \u00f6\u011frencilerin seviyelerini belirlemek ve g\u00fc\u00e7l\u00fc y\u00f6nlerini ortaya \u00e7\u0131karmak amac\u0131yla Kay\u0131t Kabul S\u0131nav\u0131 d\u00fczenlenecek. Bu s\u0131nav, 1 \u015eubat 2025 tarihinde Mehmet Akif Ersoy Gen\u00e7lik Evi\u2019nde yap\u0131lacak. \u0130lk oturum saat: 09.30\u2019da, ikinci oturum ise saat 13.30\u2019da ba\u015flayacak. S\u0131nava kat\u0131lan \u00f6\u011frenciler, ba\u015far\u0131lar\u0131n\u0131 \u00f6l\u00e7erken \u00f6d\u00fcller kazanma \u015fans\u0131 da elde edecek.<br \/>\n<br \/>\u015eehzadeler Belediyesi, LGS\u2019ye haz\u0131rl\u0131kta f\u0131rsat e\u015fitli\u011fi sa\u011flamak ve \u00f6\u011frencilerin ba\u015far\u0131lar\u0131na destek olmak amac\u0131yla bu \u00f6nemli projeyi hayata ge\u00e7iriyor.<br \/><\/p>\n","protected":false},"excerpt":{"rendered":"<p>\u015eehzadeler Belediyesi, 7. s\u0131n\u0131f \u00f6\u011frencilerini LGS haz\u0131rl\u0131k s\u00fcrecinde desteklemek i\u00e7in kapsaml\u0131 bir kurs program\u0131 ba\u015flat\u0131yor. Uzman e\u011fitmenler ve \u00f6d\u00fcll\u00fc s\u0131nav f\u0131rsat\u0131yla \u00f6\u011frenciler ba\u015far\u0131ya bir ad\u0131m daha yakla\u015f\u0131yor. \u015eehzadeler Belediyesi, 8. s\u0131n\u0131fa ge\u00e7ecek olan 7. s\u0131n\u0131f \u00f6\u011frencileri i\u00e7in \u00f6zel bir kurs program\u0131 d\u00fczenliyor. LGS\u2019ye haz\u0131rl\u0131k s\u00fcrecinde \u00f6\u011frencilere rehberlik edecek bu program, Mehmet Akif Ersoy Gen\u00e7lik Evi\u2019nde&#8230;<\/p>\n","protected":false},"author":1,"featured_media":11392,"comment_status":"open","ping_status":"open","sticky":false,"template":"","format":"standard","meta":{"_crdt_document":"","footnotes":""},"categories":[1],"tags":[],"class_list":["post-11391","post","type-post","status-publish","format-standard","has-post-thumbnail","hentry","category-guncel"],"_links":{"self":[{"href":"https:\/\/www.egemtv.com\/index.php?rest_route=\/wp\/v2\/posts\/11391","targetHints":{"allow":["GET"]}}],"collection":[{"href":"https:\/\/www.egemtv.com\/index.php?rest_route=\/wp\/v2\/posts"}],"about":[{"href":"https:\/\/www.egemtv.com\/index.php?rest_route=\/wp\/v2\/types\/post"}],"author":[{"embeddable":true,"href":"https:\/\/www.egemtv.com\/index.php?rest_route=\/wp\/v2\/users\/1"}],"replies":[{"embeddable":true,"href":"https:\/\/www.egemtv.com\/index.php?rest_route=%2Fwp%2Fv2%2Fcomments&post=11391"}],"version-history":[{"count":1,"href":"https:\/\/www.egemtv.com\/index.php?rest_route=\/wp\/v2\/posts\/11391\/revisions"}],"predecessor-version":[{"id":11393,"href":"https:\/\/www.egemtv.com\/index.php?rest_route=\/wp\/v2\/posts\/11391\/revisions\/11393"}],"wp:featuredmedia":[{"embeddable":true,"href":"https:\/\/www.egemtv.com\/index.php?rest_route=\/wp\/v2\/media\/11392"}],"wp:attachment":[{"href":"https:\/\/www.egemtv.com\/index.php?rest_route=%2Fwp%2Fv2%2Fmedia&parent=11391"}],"wp:term":[{"taxonomy":"category","embeddable":true,"href":"https:\/\/www.egemtv.com\/index.php?rest_route=%2Fwp%2Fv2%2Fcategories&post=11391"},{"taxonomy":"post_tag","embeddable":true,"href":"https:\/\/www.egemtv.com\/index.php?rest_route=%2Fwp%2Fv2%2Ftags&post=11391"}],"curies":[{"name":"wp","href":"https:\/\/api.w.org\/{rel}","templated":true}]}}