{"id":11388,"date":"2025-01-22T11:01:51","date_gmt":"2025-01-22T08:01:51","guid":{"rendered":"https:\/\/www.egemtv.com\/?p=11388"},"modified":"2025-01-22T11:01:53","modified_gmt":"2025-01-22T08:01:53","slug":"kuruyan-kolak-golunun-eski-ihtisamini-kavusmasi-icin-harekete-gecildi","status":"publish","type":"post","link":"https:\/\/www.egemtv.com\/?p=11388","title":{"rendered":"Kuruyan Kolak G\u00f6l\u00fcn\u00fcn eski ihti\u015fam\u0131n\u0131 kavu\u015fmas\u0131 i\u00e7in harekete ge\u00e7ildi"},"content":{"rendered":"<p>Denizli\u2019nin \u00c7ameli il\u00e7esinde do\u011fal g\u00fczelli\u011fiyle hem yaz hem de k\u0131\u015f\u0131n ziyaret\u00e7ilerini a\u011f\u0131rlayan Kolak G\u00f6l\u00fcn\u00fcn kurumas\u0131n\u0131n ard\u0131ndan harekete ge\u00e7ildi. \u00c7ameli Belediyesi \u00f6nc\u00fcl\u00fc\u011f\u00fcnde ilgili kurumlar taraf\u0131ndan ba\u015flat\u0131lan \u00e7al\u0131\u015fmada su t\u0131kanan su damarlar\u0131 tespit edilen Kolay G\u00f6l\u00fcn\u00fcn eski ihti\u015fam\u0131n\u0131 kavu\u015fturulmas\u0131 hedefleniyor.<\/p>\n<p>Denizli\u2019nin \u00c7ameli il\u00e7esinde yer alan ve ad\u0131n\u0131 s\u0131n\u0131rlar\u0131 i\u00e7erisinde bulundu\u011fu mahalleden alan Kolak G\u00f6l\u00fc kent merkezine 120 kilometre mesafede olmas\u0131na ra\u011fmen hem yaz mevsiminde hem de k\u0131\u015f mevsiminde pek \u00e7ok ziyaret\u00e7isine ev sahipli\u011fi yap\u0131yordu. K\u0131\u015f\u0131n kartpostall\u0131k g\u00f6r\u00fcnt\u00fcler ile mest eden Kolak G\u00f6l\u00fc, yaz mevsimlerinde ise serin havas\u0131yla s\u0131caktan bunalanlar\u0131n nefes ald\u0131\u011f\u0131 alanlar aras\u0131nda ilk s\u0131rada yer al\u0131yordu. Yeralt\u0131 sular\u0131yla zeminden beslenen ancak zemin tabakas\u0131nda biriken kil ve al\u00fcvyonlar\u0131n kaynaklar\u0131n \u00f6n\u00fcn\u00fc kapatmas\u0131 nedeniyle kuruyan Kolak G\u00f6l\u00fc i\u00e7in \u00c7ameli Belediyesi \u00f6nc\u00fcl\u00fc\u011f\u00fcnde ilgili kurumlar\u0131n deste\u011fiyle \u00e7al\u0131\u015fma ba\u015flatt\u0131.<\/p>\n<p>Kolak G\u00f6l\u00fcnden sevindirici haber<br \/>\n<br \/>Eski ihti\u015fam\u0131ndan eser kalmayan Kolak G\u00f6l\u00fcn\u00fcn ekosistemini koruma amac\u0131yla ba\u015flat\u0131lan \u00e7al\u0131\u015fmalara \u0130stanbul Teknik \u00dcniversitesi \u00c7evre M\u00fchendisli\u011fi \u00d6\u011fretim \u00dcyesi Prof. Dr. Vedat Uyak da katk\u0131 sa\u011flad\u0131. \u00c7ameli Belediyesi Fen \u0130\u015fleri M\u00fcd\u00fcrl\u00fc\u011f\u00fc ekiplerinin \u00f6zverili \u00e7al\u0131\u015fmalar\u0131 sonucunda g\u00f6l ile ilgili sevindirici bir geli\u015fme ya\u015fand\u0131. Ekolojik dengelerin de\u011fi\u015fmesine ba\u011fl\u0131 olarak kurakl\u0131k ve yeralt\u0131ndan kendisini besleyen kanallar\u0131n kapanmas\u0131yla kuruma noktas\u0131na gelen g\u00f6l yata\u011f\u0131nda su damarlar\u0131 tespit edildi ve bu kaynaklar\u0131n analizi i\u00e7in gerekli i\u015flemler ba\u015flat\u0131ld\u0131. \u00c7al\u0131\u015fmalar\u0131 yerinde inceleyen \u00c7ameli Belediyesi Meclis \u00dcyesi Sinan Hayrettin Kam ve Fen \u0130\u015fleri M\u00fcd\u00fcrl\u00fc\u011f\u00fc teknik personeli \u00d6znur Y\u0131ld\u0131r\u0131m Bozok, s\u00fcrecin aral\u0131ks\u0131z devam edece\u011fini belirterek, b\u00f6lgenin do\u011fal yap\u0131s\u0131n\u0131n korunmas\u0131 i\u00e7in t\u00fcm imkanlar\u0131n seferber edilece\u011fini vurgulad\u0131.<\/p>\n<p>Kolak G\u00f6l\u00fcn\u00fcn kurtar\u0131lmas\u0131yla ilgili olarak ba\u015flat\u0131lan \u00e7al\u0131\u015fmalar hakk\u0131nda bilgiler veren \u00c7ameli Belediye Ba\u015fkan\u0131 Cengiz Arslan, \u201cKurak ge\u00e7en mevsimler nedeniyle kuruyan ve do\u011fal g\u00fczelli\u011fiyle do\u011fa foto\u011fraf\u00e7\u0131lar\u0131n\u0131n ilgi oda\u011f\u0131 olan Kolak G\u00f6l\u00fc i\u00e7in \u00c7ameli Belediyesi olarak harekete ge\u00e7tik. G\u00f6l\u00fcn ekosistemini koruma amac\u0131yla ba\u015flat\u0131lan \u00e7al\u0131\u015fmalara \u0130stanbul Teknik \u00dcniversitesi \u00c7evre M\u00fchendisli\u011fi \u00d6\u011fretim \u00dcyesi Prof. Dr. Vedat Uyak hocam\u0131z da katk\u0131 sa\u011flad\u0131. Belediye ekiplerimizin yapt\u0131\u011f\u0131 \u00e7al\u0131\u015fmalarda g\u00f6l yata\u011f\u0131nda su damarlar\u0131 tespit edildi ve bu kaynaklar\u0131n analizi i\u00e7in gerekli i\u015flemler ba\u015flat\u0131ld\u0131. \u00c7al\u0131\u015fmalar\u0131n devam etti\u011fi Kolak G\u00f6l\u00fcm\u00fcz\u00fcn eski ihti\u015fam\u0131n\u0131 en k\u0131sa s\u00fcrede kavu\u015fmas\u0131n\u0131 \u00fcmit ediyoruz\u201d diye konu\u015ftu.<br \/><\/p>\n","protected":false},"excerpt":{"rendered":"<p>Denizli\u2019nin \u00c7ameli il\u00e7esinde do\u011fal g\u00fczelli\u011fiyle hem yaz hem de k\u0131\u015f\u0131n ziyaret\u00e7ilerini a\u011f\u0131rlayan Kolak G\u00f6l\u00fcn\u00fcn kurumas\u0131n\u0131n ard\u0131ndan harekete ge\u00e7ildi. \u00c7ameli Belediyesi \u00f6nc\u00fcl\u00fc\u011f\u00fcnde ilgili kurumlar taraf\u0131ndan ba\u015flat\u0131lan \u00e7al\u0131\u015fmada su t\u0131kanan su damarlar\u0131 tespit edilen Kolay G\u00f6l\u00fcn\u00fcn eski ihti\u015fam\u0131n\u0131 kavu\u015fturulmas\u0131 hedefleniyor. Denizli\u2019nin \u00c7ameli il\u00e7esinde yer alan ve ad\u0131n\u0131 s\u0131n\u0131rlar\u0131 i\u00e7erisinde bulundu\u011fu mahalleden alan Kolak G\u00f6l\u00fc kent merkezine 120&#8230;<\/p>\n","protected":false},"author":1,"featured_media":11389,"comment_status":"open","ping_status":"open","sticky":false,"template":"","format":"standard","meta":{"_crdt_document":"","footnotes":""},"categories":[1],"tags":[],"class_list":["post-11388","post","type-post","status-publish","format-standard","has-post-thumbnail","hentry","category-guncel"],"_links":{"self":[{"href":"https:\/\/www.egemtv.com\/index.php?rest_route=\/wp\/v2\/posts\/11388","targetHints":{"allow":["GET"]}}],"collection":[{"href":"https:\/\/www.egemtv.com\/index.php?rest_route=\/wp\/v2\/posts"}],"about":[{"href":"https:\/\/www.egemtv.com\/index.php?rest_route=\/wp\/v2\/types\/post"}],"author":[{"embeddable":true,"href":"https:\/\/www.egemtv.com\/index.php?rest_route=\/wp\/v2\/users\/1"}],"replies":[{"embeddable":true,"href":"https:\/\/www.egemtv.com\/index.php?rest_route=%2Fwp%2Fv2%2Fcomments&post=11388"}],"version-history":[{"count":1,"href":"https:\/\/www.egemtv.com\/index.php?rest_route=\/wp\/v2\/posts\/11388\/revisions"}],"predecessor-version":[{"id":11390,"href":"https:\/\/www.egemtv.com\/index.php?rest_route=\/wp\/v2\/posts\/11388\/revisions\/11390"}],"wp:featuredmedia":[{"embeddable":true,"href":"https:\/\/www.egemtv.com\/index.php?rest_route=\/wp\/v2\/media\/11389"}],"wp:attachment":[{"href":"https:\/\/www.egemtv.com\/index.php?rest_route=%2Fwp%2Fv2%2Fmedia&parent=11388"}],"wp:term":[{"taxonomy":"category","embeddable":true,"href":"https:\/\/www.egemtv.com\/index.php?rest_route=%2Fwp%2Fv2%2Fcategories&post=11388"},{"taxonomy":"post_tag","embeddable":true,"href":"https:\/\/www.egemtv.com\/index.php?rest_route=%2Fwp%2Fv2%2Ftags&post=11388"}],"curies":[{"name":"wp","href":"https:\/\/api.w.org\/{rel}","templated":true}]}}