{"id":11382,"date":"2025-01-22T10:43:01","date_gmt":"2025-01-22T07:43:01","guid":{"rendered":"https:\/\/www.egemtv.com\/?p=11382"},"modified":"2025-01-22T10:43:03","modified_gmt":"2025-01-22T07:43:03","slug":"izmirde-taksicilerin-eski-eleman-tartismasi-1-olu-2-agir-yarali","status":"publish","type":"post","link":"https:\/\/www.egemtv.com\/?p=11382","title":{"rendered":"\u0130zmir\u2019de taksicilerin \u2019eski eleman\u2019 tart\u0131\u015fmas\u0131: 1 \u00f6l\u00fc, 2 a\u011f\u0131r yaral\u0131"},"content":{"rendered":"<p>\u0130zmir\u2019in Torbal\u0131 il\u00e7esinde taksiciler aras\u0131nda \u00e7\u0131kan silahl\u0131 kavgada 1 ki\u015fi hayat\u0131n\u0131 kaybetti, 2 ki\u015fi de a\u011f\u0131r yaraland\u0131. Tart\u0131\u015fman\u0131n eski eleman \u00e7al\u0131\u015ft\u0131rma sebebiyle \u00e7\u0131kt\u0131\u011f\u0131 ileri s\u00fcr\u00fcld\u00fc.<br \/>\n<br \/>Olay, d\u00fcn ak\u015fam Tepek\u00f6y Mahallesi H\u00fck\u00fcmet Caddesi\u2019nde meydana geldi. \u0130ddiaya g\u00f6re Abdullah Altunta\u015f (31), eskiden kendileriyle \u00e7al\u0131\u015fan bir s\u00fcr\u00fcc\u00fcy\u00fc \u00e7al\u0131\u015ft\u0131rd\u0131\u011f\u0131 iddias\u0131yla M.A. ve A.K. ile birlikte taksici S.A.\u2019n\u0131n dura\u011f\u0131na gitti. \u00c7\u0131kan tart\u0131\u015fmada S.A., dura\u011f\u0131na gelen 3 ki\u015fiye kur\u015fun ya\u011fd\u0131rd\u0131. Tabancadan \u00e7\u0131kan mermilerle yaralananlar yere y\u0131\u011f\u0131l\u0131rken, silah seslerini duyanlar durumu 112 Acil \u00c7a\u011fr\u0131 Merkezine bildirdi. Olay yerine gelen polis ekipleri gerekli g\u00fcvenlik \u00f6nlemlerini al\u0131rken, a\u011f\u0131r yaralanan 3 ki\u015fi ambulanslarla Torbal\u0131 Devlet Hastanesi\u2019ne kald\u0131r\u0131ld\u0131. 3 ki\u015fiyi silahla vuran S.A. ise polis ekiplerince g\u00f6zalt\u0131na al\u0131nd\u0131. Yaral\u0131lardan Abdullah Altunta\u015f doktorlar\u0131n t\u00fcm m\u00fcdahalelerine ra\u011fmen kurtar\u0131lamad\u0131. Yaralanan M.A. ve A.K.\u2019nin tedavisinin devam etti\u011fi ve hayati tehlikelerinin s\u00fcrd\u00fc\u011f\u00fc \u00f6\u011frenildi.<br \/>\n<br \/>Olayla ilgili ba\u015flat\u0131lan soru\u015fturma s\u00fcr\u00fcyor<br \/><\/p>\n","protected":false},"excerpt":{"rendered":"<p>\u0130zmir\u2019in Torbal\u0131 il\u00e7esinde taksiciler aras\u0131nda \u00e7\u0131kan silahl\u0131 kavgada 1 ki\u015fi hayat\u0131n\u0131 kaybetti, 2 ki\u015fi de a\u011f\u0131r yaraland\u0131. Tart\u0131\u015fman\u0131n eski eleman \u00e7al\u0131\u015ft\u0131rma sebebiyle \u00e7\u0131kt\u0131\u011f\u0131 ileri s\u00fcr\u00fcld\u00fc. Olay, d\u00fcn ak\u015fam Tepek\u00f6y Mahallesi H\u00fck\u00fcmet Caddesi\u2019nde meydana geldi. \u0130ddiaya g\u00f6re Abdullah Altunta\u015f (31), eskiden kendileriyle \u00e7al\u0131\u015fan bir s\u00fcr\u00fcc\u00fcy\u00fc \u00e7al\u0131\u015ft\u0131rd\u0131\u011f\u0131 iddias\u0131yla M.A. ve A.K. ile birlikte taksici S.A.\u2019n\u0131n dura\u011f\u0131na gitti&#8230;.<\/p>\n","protected":false},"author":1,"featured_media":11383,"comment_status":"open","ping_status":"open","sticky":false,"template":"","format":"standard","meta":{"_crdt_document":"","footnotes":""},"categories":[5],"tags":[],"class_list":["post-11382","post","type-post","status-publish","format-standard","has-post-thumbnail","hentry","category-asayis"],"_links":{"self":[{"href":"https:\/\/www.egemtv.com\/index.php?rest_route=\/wp\/v2\/posts\/11382","targetHints":{"allow":["GET"]}}],"collection":[{"href":"https:\/\/www.egemtv.com\/index.php?rest_route=\/wp\/v2\/posts"}],"about":[{"href":"https:\/\/www.egemtv.com\/index.php?rest_route=\/wp\/v2\/types\/post"}],"author":[{"embeddable":true,"href":"https:\/\/www.egemtv.com\/index.php?rest_route=\/wp\/v2\/users\/1"}],"replies":[{"embeddable":true,"href":"https:\/\/www.egemtv.com\/index.php?rest_route=%2Fwp%2Fv2%2Fcomments&post=11382"}],"version-history":[{"count":1,"href":"https:\/\/www.egemtv.com\/index.php?rest_route=\/wp\/v2\/posts\/11382\/revisions"}],"predecessor-version":[{"id":11384,"href":"https:\/\/www.egemtv.com\/index.php?rest_route=\/wp\/v2\/posts\/11382\/revisions\/11384"}],"wp:featuredmedia":[{"embeddable":true,"href":"https:\/\/www.egemtv.com\/index.php?rest_route=\/wp\/v2\/media\/11383"}],"wp:attachment":[{"href":"https:\/\/www.egemtv.com\/index.php?rest_route=%2Fwp%2Fv2%2Fmedia&parent=11382"}],"wp:term":[{"taxonomy":"category","embeddable":true,"href":"https:\/\/www.egemtv.com\/index.php?rest_route=%2Fwp%2Fv2%2Fcategories&post=11382"},{"taxonomy":"post_tag","embeddable":true,"href":"https:\/\/www.egemtv.com\/index.php?rest_route=%2Fwp%2Fv2%2Ftags&post=11382"}],"curies":[{"name":"wp","href":"https:\/\/api.w.org\/{rel}","templated":true}]}}