{"id":11376,"date":"2025-01-22T10:41:11","date_gmt":"2025-01-22T07:41:11","guid":{"rendered":"https:\/\/www.egemtv.com\/?p=11376"},"modified":"2025-01-22T10:41:12","modified_gmt":"2025-01-22T07:41:12","slug":"sokede-riske-dayali-gida-isletmeleri-denetlendi-2","status":"publish","type":"post","link":"https:\/\/www.egemtv.com\/?p=11376","title":{"rendered":"S\u00f6ke\u2019de riske dayal\u0131 g\u0131da i\u015fletmeleri denetlendi"},"content":{"rendered":"<p>Ayd\u0131n\u2019\u0131n S\u00f6ke il\u00e7esinde halk sa\u011fl\u0131\u011f\u0131n\u0131n korunmas\u0131 hedefiyle riske dayal\u0131 g\u0131da i\u015fletmelerinde denetim ger\u00e7ekle\u015ftirildi.<\/p>\n<p>Ayd\u0131n \u0130l Tar\u0131m ve Orman M\u00fcd\u00fcrl\u00fc\u011f\u00fc koordinesinde il genelinde g\u0131da sat\u0131\u015f ve toplu t\u00fcketim yerleri ile \u00fcretim yerlerine yap\u0131lan denetimler aral\u0131ks\u0131z devam ediyor. Bu \u00e7er\u00e7evede sahaya inen S\u00f6ke \u0130l\u00e7e Tar\u0131m ve Orman M\u00fcd\u00fcrl\u00fc\u011f\u00fc ekipleri riske dayal\u0131 g\u0131da \u00fcretimi ve sat\u0131\u015f\u0131 yap\u0131lan i\u015fletmelerde denetim ger\u00e7ekle\u015ftirdi. Halk sa\u011fl\u0131\u011f\u0131n\u0131 tehdit edebilecek g\u0131da g\u00fcvenli\u011fi risklerinin \u00f6n\u00fcne ge\u00e7mek ve i\u015fletmelerin yasal d\u00fczenlemelere uygun \u015fekilde faaliyet g\u00f6stermelerini sa\u011flama amac\u0131yla yap\u0131lan denetimlerde; g\u0131da hijyen \u015fartlar\u0131, saklama \u015fartlar\u0131 ve \u00fcretim s\u00fcre\u00e7leri detayl\u0131 bir \u015fekilde kontrol edildi.<br \/><\/p>\n","protected":false},"excerpt":{"rendered":"<p>Ayd\u0131n\u2019\u0131n S\u00f6ke il\u00e7esinde halk sa\u011fl\u0131\u011f\u0131n\u0131n korunmas\u0131 hedefiyle riske dayal\u0131 g\u0131da i\u015fletmelerinde denetim ger\u00e7ekle\u015ftirildi. Ayd\u0131n \u0130l Tar\u0131m ve Orman M\u00fcd\u00fcrl\u00fc\u011f\u00fc koordinesinde il genelinde g\u0131da sat\u0131\u015f ve toplu t\u00fcketim yerleri ile \u00fcretim yerlerine yap\u0131lan denetimler aral\u0131ks\u0131z devam ediyor. Bu \u00e7er\u00e7evede sahaya inen S\u00f6ke \u0130l\u00e7e Tar\u0131m ve Orman M\u00fcd\u00fcrl\u00fc\u011f\u00fc ekipleri riske dayal\u0131 g\u0131da \u00fcretimi ve sat\u0131\u015f\u0131 yap\u0131lan i\u015fletmelerde&#8230;<\/p>\n","protected":false},"author":1,"featured_media":11377,"comment_status":"open","ping_status":"open","sticky":false,"template":"","format":"standard","meta":{"_crdt_document":"","footnotes":""},"categories":[1],"tags":[],"class_list":["post-11376","post","type-post","status-publish","format-standard","has-post-thumbnail","hentry","category-guncel"],"_links":{"self":[{"href":"https:\/\/www.egemtv.com\/index.php?rest_route=\/wp\/v2\/posts\/11376","targetHints":{"allow":["GET"]}}],"collection":[{"href":"https:\/\/www.egemtv.com\/index.php?rest_route=\/wp\/v2\/posts"}],"about":[{"href":"https:\/\/www.egemtv.com\/index.php?rest_route=\/wp\/v2\/types\/post"}],"author":[{"embeddable":true,"href":"https:\/\/www.egemtv.com\/index.php?rest_route=\/wp\/v2\/users\/1"}],"replies":[{"embeddable":true,"href":"https:\/\/www.egemtv.com\/index.php?rest_route=%2Fwp%2Fv2%2Fcomments&post=11376"}],"version-history":[{"count":1,"href":"https:\/\/www.egemtv.com\/index.php?rest_route=\/wp\/v2\/posts\/11376\/revisions"}],"predecessor-version":[{"id":11378,"href":"https:\/\/www.egemtv.com\/index.php?rest_route=\/wp\/v2\/posts\/11376\/revisions\/11378"}],"wp:featuredmedia":[{"embeddable":true,"href":"https:\/\/www.egemtv.com\/index.php?rest_route=\/wp\/v2\/media\/11377"}],"wp:attachment":[{"href":"https:\/\/www.egemtv.com\/index.php?rest_route=%2Fwp%2Fv2%2Fmedia&parent=11376"}],"wp:term":[{"taxonomy":"category","embeddable":true,"href":"https:\/\/www.egemtv.com\/index.php?rest_route=%2Fwp%2Fv2%2Fcategories&post=11376"},{"taxonomy":"post_tag","embeddable":true,"href":"https:\/\/www.egemtv.com\/index.php?rest_route=%2Fwp%2Fv2%2Ftags&post=11376"}],"curies":[{"name":"wp","href":"https:\/\/api.w.org\/{rel}","templated":true}]}}