{"id":11370,"date":"2025-01-22T10:31:39","date_gmt":"2025-01-22T07:31:39","guid":{"rendered":"https:\/\/www.egemtv.com\/?p=11370"},"modified":"2025-01-22T10:31:40","modified_gmt":"2025-01-22T07:31:40","slug":"cesmede-yayalara-oncelik-uygulamalari-devam-ediyor","status":"publish","type":"post","link":"https:\/\/www.egemtv.com\/?p=11370","title":{"rendered":"\u00c7e\u015fme\u2019de yayalara \u00f6ncelik uygulamalar\u0131 devam ediyor"},"content":{"rendered":"<p>\u00c7e\u015fme \u0130l\u00e7e Emniyet M\u00fcd\u00fcrl\u00fc\u011f\u00fc, yayalara \u00f6ncelik verilmesi konusunda denetimlerini s\u00fcrd\u00fcr\u00fcyor. Trafik B\u00fcro Amirli\u011fi ekipleri, levhalarla belirlenmi\u015f yaya ve okul ge\u00e7itlerinde kurallara uymayan s\u00fcr\u00fcc\u00fclere y\u00f6nelik cezai i\u015flem uyguluyor.<br \/>\n<br \/>Y\u0131lba\u015f\u0131ndan bu yana devam eden uygulamalarda, trafik ekipleri yayalara ge\u00e7i\u015f hakk\u0131 vermeyen ve bu b\u00f6lgelerde yava\u015flamayan s\u00fcr\u00fcc\u00fclere toplam 176 bin 890 lira tutar\u0131nda para cezas\u0131 kesti. Emniyet yetkilileri, yayalar\u0131n g\u00fcvenli\u011fi i\u00e7in denetimlerin aral\u0131ks\u0131z s\u00fcrece\u011fini belirterek, s\u00fcr\u00fcc\u00fcleri kurallara uymalar\u0131 konusunda uyard\u0131.<br \/>\n<br \/>Yaya \u00f6nceli\u011fi uygulamalar\u0131 kapsam\u0131nda ger\u00e7ekle\u015ftirilen denetimlerin, hem s\u00fcr\u00fcc\u00fclerde fark\u0131ndal\u0131k yaratmak hem de yayalar\u0131n g\u00fcvenli\u011fini art\u0131rmak amac\u0131yla yo\u011funla\u015ft\u0131r\u0131laca\u011f\u0131 ifade edildi.<br \/><\/p>\n","protected":false},"excerpt":{"rendered":"<p>\u00c7e\u015fme \u0130l\u00e7e Emniyet M\u00fcd\u00fcrl\u00fc\u011f\u00fc, yayalara \u00f6ncelik verilmesi konusunda denetimlerini s\u00fcrd\u00fcr\u00fcyor. Trafik B\u00fcro Amirli\u011fi ekipleri, levhalarla belirlenmi\u015f yaya ve okul ge\u00e7itlerinde kurallara uymayan s\u00fcr\u00fcc\u00fclere y\u00f6nelik cezai i\u015flem uyguluyor. Y\u0131lba\u015f\u0131ndan bu yana devam eden uygulamalarda, trafik ekipleri yayalara ge\u00e7i\u015f hakk\u0131 vermeyen ve bu b\u00f6lgelerde yava\u015flamayan s\u00fcr\u00fcc\u00fclere toplam 176 bin 890 lira tutar\u0131nda para cezas\u0131 kesti. Emniyet yetkilileri,&#8230;<\/p>\n","protected":false},"author":1,"featured_media":11371,"comment_status":"open","ping_status":"open","sticky":false,"template":"","format":"standard","meta":{"_crdt_document":"","footnotes":""},"categories":[5],"tags":[],"class_list":["post-11370","post","type-post","status-publish","format-standard","has-post-thumbnail","hentry","category-asayis"],"_links":{"self":[{"href":"https:\/\/www.egemtv.com\/index.php?rest_route=\/wp\/v2\/posts\/11370","targetHints":{"allow":["GET"]}}],"collection":[{"href":"https:\/\/www.egemtv.com\/index.php?rest_route=\/wp\/v2\/posts"}],"about":[{"href":"https:\/\/www.egemtv.com\/index.php?rest_route=\/wp\/v2\/types\/post"}],"author":[{"embeddable":true,"href":"https:\/\/www.egemtv.com\/index.php?rest_route=\/wp\/v2\/users\/1"}],"replies":[{"embeddable":true,"href":"https:\/\/www.egemtv.com\/index.php?rest_route=%2Fwp%2Fv2%2Fcomments&post=11370"}],"version-history":[{"count":1,"href":"https:\/\/www.egemtv.com\/index.php?rest_route=\/wp\/v2\/posts\/11370\/revisions"}],"predecessor-version":[{"id":11372,"href":"https:\/\/www.egemtv.com\/index.php?rest_route=\/wp\/v2\/posts\/11370\/revisions\/11372"}],"wp:featuredmedia":[{"embeddable":true,"href":"https:\/\/www.egemtv.com\/index.php?rest_route=\/wp\/v2\/media\/11371"}],"wp:attachment":[{"href":"https:\/\/www.egemtv.com\/index.php?rest_route=%2Fwp%2Fv2%2Fmedia&parent=11370"}],"wp:term":[{"taxonomy":"category","embeddable":true,"href":"https:\/\/www.egemtv.com\/index.php?rest_route=%2Fwp%2Fv2%2Fcategories&post=11370"},{"taxonomy":"post_tag","embeddable":true,"href":"https:\/\/www.egemtv.com\/index.php?rest_route=%2Fwp%2Fv2%2Ftags&post=11370"}],"curies":[{"name":"wp","href":"https:\/\/api.w.org\/{rel}","templated":true}]}}