{"id":11361,"date":"2025-01-22T10:10:45","date_gmt":"2025-01-22T07:10:45","guid":{"rendered":"https:\/\/www.egemtv.com\/?p=11361"},"modified":"2025-01-22T10:10:46","modified_gmt":"2025-01-22T07:10:46","slug":"bozkurtta-ust-yapi-calismalari-tum-hiziyla-devam-ediyor","status":"publish","type":"post","link":"https:\/\/www.egemtv.com\/?p=11361","title":{"rendered":"Bozkurt\u2019ta \u00fcst yap\u0131 \u00e7al\u0131\u015fmalar\u0131 t\u00fcm h\u0131z\u0131yla devam ediyor"},"content":{"rendered":"<p>S\u00fcr\u00fcc\u00fc ve yayalar i\u00e7in g\u00fcvenli ve konforlu yollar olu\u015fturmak kollar\u0131 s\u0131vayan Bozkurt Belediyesi, yol \u00e7al\u0131\u015fmalar\u0131na ba\u015flad\u0131.<\/p>\n<p>Denizli Bozkurt Belediyesi \u015fehri g\u00fczelle\u015ftirmek ve s\u00fcr\u00fcc\u00fclerin daha g\u00fcvenli yolculuk yapmalar\u0131 i\u00e7in yol yap\u0131m \u00e7al\u0131\u015fmas\u0131na ba\u015flad\u0131. Bozkurt Atat\u00fcrk Bulvar\u0131 ve Fatih Mahallesi\u2019ndeki yollar yenileniyor. \u0130hale usul\u00fcyle yap\u0131lan \u00e7al\u0131\u015fma h\u0131zl\u0131ca ba\u015flad\u0131. Bozkurt Belediye Ba\u015fkan\u0131 Birsen \u00c7elik \u00e7al\u0131\u015fmalar\u0131 yerinde inceledi.<\/p>\n<p>\u0130lerleyen zamanda di\u011fer mahallelerde de \u00e7al\u0131\u015fmalar\u0131n ba\u015flayaca\u011f\u0131n\u0131 belirten Bozkurt Belediye Ba\u015fkan\u0131 Birsen \u00c7elik; \u201cBozkurt\u2019umuzun tamam\u0131n\u0131 il\u00e7emize yak\u0131\u015fan yollarla tan\u0131\u015ft\u0131r\u0131yoruz! Proje kapsam\u0131nda Atat\u00fcrk Bulvar\u0131m\u0131z ve Fatih Mahallemizde yol \u00e7al\u0131\u015fmalar\u0131m\u0131z ba\u015flad\u0131. \u0130hale s\u00fcrecimizin ard\u0131ndan, muhtarlar\u0131m\u0131zla ger\u00e7ekle\u015ftirdi\u011fimiz toplant\u0131 sonucunda \u00e7al\u0131\u015fmalar\u0131m\u0131za h\u0131zla ba\u015flad\u0131k. En k\u0131sa s\u00fcrede di\u011fer mahallelerimizde de \u00e7al\u0131\u015fmalar\u0131m\u0131z\u0131 ba\u015flatarak il\u00e7emizin \u00e7ehresini de\u011fi\u015ftirece\u011fiz. Canla ba\u015fla \u00e7al\u0131\u015fan t\u00fcm arkada\u015flar\u0131m\u0131za te\u015fekk\u00fcr ederiz. Bozkurt\u2019umuzun vizyonunu de\u011fi\u015ftirecek b\u00fct\u00fcn \u00e7al\u0131\u015fmalarda bizlere destek olan, hem\u015fehrilerimizi hizmetlerle tan\u0131\u015ft\u0131ran B\u00fcy\u00fck\u015fehir Belediye Ba\u015fkan\u0131m\u0131z B\u00fclent Nuri \u00c7avu\u015fo\u011flu\u2019na te\u015fekk\u00fcr ederiz. Memleketimiz en g\u00fczelini hakkediyor ve alacak\u201d dedi.<br \/><\/p>\n","protected":false},"excerpt":{"rendered":"<p>S\u00fcr\u00fcc\u00fc ve yayalar i\u00e7in g\u00fcvenli ve konforlu yollar olu\u015fturmak kollar\u0131 s\u0131vayan Bozkurt Belediyesi, yol \u00e7al\u0131\u015fmalar\u0131na ba\u015flad\u0131. Denizli Bozkurt Belediyesi \u015fehri g\u00fczelle\u015ftirmek ve s\u00fcr\u00fcc\u00fclerin daha g\u00fcvenli yolculuk yapmalar\u0131 i\u00e7in yol yap\u0131m \u00e7al\u0131\u015fmas\u0131na ba\u015flad\u0131. Bozkurt Atat\u00fcrk Bulvar\u0131 ve Fatih Mahallesi\u2019ndeki yollar yenileniyor. \u0130hale usul\u00fcyle yap\u0131lan \u00e7al\u0131\u015fma h\u0131zl\u0131ca ba\u015flad\u0131. Bozkurt Belediye Ba\u015fkan\u0131 Birsen \u00c7elik \u00e7al\u0131\u015fmalar\u0131 yerinde inceledi. \u0130lerleyen&#8230;<\/p>\n","protected":false},"author":1,"featured_media":11362,"comment_status":"open","ping_status":"open","sticky":false,"template":"","format":"standard","meta":{"_crdt_document":"","footnotes":""},"categories":[127],"tags":[],"class_list":["post-11361","post","type-post","status-publish","format-standard","has-post-thumbnail","hentry","category-siyaset"],"_links":{"self":[{"href":"https:\/\/www.egemtv.com\/index.php?rest_route=\/wp\/v2\/posts\/11361","targetHints":{"allow":["GET"]}}],"collection":[{"href":"https:\/\/www.egemtv.com\/index.php?rest_route=\/wp\/v2\/posts"}],"about":[{"href":"https:\/\/www.egemtv.com\/index.php?rest_route=\/wp\/v2\/types\/post"}],"author":[{"embeddable":true,"href":"https:\/\/www.egemtv.com\/index.php?rest_route=\/wp\/v2\/users\/1"}],"replies":[{"embeddable":true,"href":"https:\/\/www.egemtv.com\/index.php?rest_route=%2Fwp%2Fv2%2Fcomments&post=11361"}],"version-history":[{"count":1,"href":"https:\/\/www.egemtv.com\/index.php?rest_route=\/wp\/v2\/posts\/11361\/revisions"}],"predecessor-version":[{"id":11363,"href":"https:\/\/www.egemtv.com\/index.php?rest_route=\/wp\/v2\/posts\/11361\/revisions\/11363"}],"wp:featuredmedia":[{"embeddable":true,"href":"https:\/\/www.egemtv.com\/index.php?rest_route=\/wp\/v2\/media\/11362"}],"wp:attachment":[{"href":"https:\/\/www.egemtv.com\/index.php?rest_route=%2Fwp%2Fv2%2Fmedia&parent=11361"}],"wp:term":[{"taxonomy":"category","embeddable":true,"href":"https:\/\/www.egemtv.com\/index.php?rest_route=%2Fwp%2Fv2%2Fcategories&post=11361"},{"taxonomy":"post_tag","embeddable":true,"href":"https:\/\/www.egemtv.com\/index.php?rest_route=%2Fwp%2Fv2%2Ftags&post=11361"}],"curies":[{"name":"wp","href":"https:\/\/api.w.org\/{rel}","templated":true}]}}