{"id":11355,"date":"2025-01-22T10:07:10","date_gmt":"2025-01-22T07:07:10","guid":{"rendered":"https:\/\/www.egemtv.com\/?p=11355"},"modified":"2025-01-22T10:07:11","modified_gmt":"2025-01-22T07:07:11","slug":"boludan-izmire-aci-haber-dr-kubra-tonguc-altin-ve-kizi-alya-yanginda-hayatini-kaybetti","status":"publish","type":"post","link":"https:\/\/www.egemtv.com\/?p=11355","title":{"rendered":"Bolu\u2019dan \u0130zmir\u2019e ac\u0131 haber: Dr. K\u00fcbra Tongu\u00e7 Alt\u0131n ve k\u0131z\u0131 Alya yang\u0131nda hayat\u0131n\u0131 kaybetti"},"content":{"rendered":"<p>Bolu\u2019nun Kartalkaya Kayak Merkezi\u2019nde bulunan Grand Kartal Otel\u2019de \u00e7\u0131kan yang\u0131n, T\u00fcrkiye\u2019yi yasa bo\u011fdu. Elim faciada, Soma\u2019n\u0131n tan\u0131nm\u0131\u015f esnaflar\u0131ndan ve \u0130zmirli oturduklar\u0131 \u00f6\u011frenilen Sarraf Erg\u00fcn Tongu\u00e7\u2019un k\u0131z\u0131 Dr. \u00d6\u011fr. \u00dcyesi K\u00fcbra Tongu\u00e7 Alt\u0131n ve 4. s\u0131n\u0131f \u00f6\u011frencisi k\u0131z\u0131 Alya Alt\u0131n hayat\u0131n\u0131 kaybetti. Yang\u0131nda a\u011f\u0131r yaralanan baba Hilmi Alt\u0131n ise hastaneye kald\u0131r\u0131larak tedavi alt\u0131na al\u0131nd\u0131.<br \/>\n<br \/>Aslen Manisa\u2019n\u0131n Soma il\u00e7esinden olan ve \u0130zmir\u2019de ya\u015fayan Dr. \u00d6\u011fr. \u00dcyesi K\u00fcbra Tongu\u00e7, tatil i\u00e7in Kartalkaya\u2019daki Grand Kartal Otel\u2019e gitmi\u015fti. Ancak otelde \u00e7\u0131kan yang\u0131nda anne K\u00fcbra Tongu\u00e7 Alt\u0131n ve k\u0131z\u0131 Alya Alt\u0131n kurtar\u0131lamad\u0131. Ailenin Soma\u2019daki yak\u0131nlar\u0131 ve t\u00fcm sevenleri bu haberle derin bir yasa bo\u011fuldu.<br \/>\n<br \/>Yeditepe \u00dcniversitesi Di\u015f Hekimli\u011fi Fak\u00fcltesi \u00c7ocuk Di\u015f Hekimli\u011fi Ana Bilim Dal\u0131\u2019nda Doktor \u00d6\u011fretim \u00dcyesi olarak g\u00f6rev yapan K\u00fcbra Tongu\u00e7 Alt\u0131n, akademik kariyerinde say\u0131s\u0131z ba\u015far\u0131ya imza atm\u0131\u015f, \u00e7ocuk di\u015f hekimli\u011fi alan\u0131nda uzmanla\u015fm\u0131\u015f bir isimdi. Mesle\u011fine tutkuyla ba\u011fl\u0131 olan Dr. Alt\u0131n, ayn\u0131 zamanda T\u00fcrk Pedodonti Derne\u011fi \u00fcyesiydi. T\u00fcrk Pedodonti Derne\u011fi, gen\u00e7 ya\u015fta hayat\u0131n\u0131 kaybeden meslekta\u015flar\u0131 Dr. K\u00fcbra Tongu\u00e7 Alt\u0131n ve k\u0131z\u0131 Alya i\u00e7in bir taziye mesaj\u0131 yay\u0131nlad\u0131. Mesajda, \u201cMeslekta\u015f\u0131m\u0131z\u0131n ve sevgili k\u0131z\u0131n\u0131n ani kayb\u0131, t\u00fcm camiam\u0131z\u0131 derinden \u00fczm\u00fc\u015ft\u00fcr. Merhumeye ve k\u0131z\u0131na Allah\u2019tan rahmet, ailesine sab\u0131rlar diliyoruz\u201d ifadelerine yer verildi.<br \/><\/p>\n","protected":false},"excerpt":{"rendered":"<p>Bolu\u2019nun Kartalkaya Kayak Merkezi\u2019nde bulunan Grand Kartal Otel\u2019de \u00e7\u0131kan yang\u0131n, T\u00fcrkiye\u2019yi yasa bo\u011fdu. Elim faciada, Soma\u2019n\u0131n tan\u0131nm\u0131\u015f esnaflar\u0131ndan ve \u0130zmirli oturduklar\u0131 \u00f6\u011frenilen Sarraf Erg\u00fcn Tongu\u00e7\u2019un k\u0131z\u0131 Dr. \u00d6\u011fr. \u00dcyesi K\u00fcbra Tongu\u00e7 Alt\u0131n ve 4. s\u0131n\u0131f \u00f6\u011frencisi k\u0131z\u0131 Alya Alt\u0131n hayat\u0131n\u0131 kaybetti. Yang\u0131nda a\u011f\u0131r yaralanan baba Hilmi Alt\u0131n ise hastaneye kald\u0131r\u0131larak tedavi alt\u0131na al\u0131nd\u0131. Aslen Manisa\u2019n\u0131n&#8230;<\/p>\n","protected":false},"author":1,"featured_media":11356,"comment_status":"open","ping_status":"open","sticky":false,"template":"","format":"standard","meta":{"_crdt_document":"","footnotes":""},"categories":[1],"tags":[],"class_list":["post-11355","post","type-post","status-publish","format-standard","has-post-thumbnail","hentry","category-guncel"],"_links":{"self":[{"href":"https:\/\/www.egemtv.com\/index.php?rest_route=\/wp\/v2\/posts\/11355","targetHints":{"allow":["GET"]}}],"collection":[{"href":"https:\/\/www.egemtv.com\/index.php?rest_route=\/wp\/v2\/posts"}],"about":[{"href":"https:\/\/www.egemtv.com\/index.php?rest_route=\/wp\/v2\/types\/post"}],"author":[{"embeddable":true,"href":"https:\/\/www.egemtv.com\/index.php?rest_route=\/wp\/v2\/users\/1"}],"replies":[{"embeddable":true,"href":"https:\/\/www.egemtv.com\/index.php?rest_route=%2Fwp%2Fv2%2Fcomments&post=11355"}],"version-history":[{"count":1,"href":"https:\/\/www.egemtv.com\/index.php?rest_route=\/wp\/v2\/posts\/11355\/revisions"}],"predecessor-version":[{"id":11357,"href":"https:\/\/www.egemtv.com\/index.php?rest_route=\/wp\/v2\/posts\/11355\/revisions\/11357"}],"wp:featuredmedia":[{"embeddable":true,"href":"https:\/\/www.egemtv.com\/index.php?rest_route=\/wp\/v2\/media\/11356"}],"wp:attachment":[{"href":"https:\/\/www.egemtv.com\/index.php?rest_route=%2Fwp%2Fv2%2Fmedia&parent=11355"}],"wp:term":[{"taxonomy":"category","embeddable":true,"href":"https:\/\/www.egemtv.com\/index.php?rest_route=%2Fwp%2Fv2%2Fcategories&post=11355"},{"taxonomy":"post_tag","embeddable":true,"href":"https:\/\/www.egemtv.com\/index.php?rest_route=%2Fwp%2Fv2%2Ftags&post=11355"}],"curies":[{"name":"wp","href":"https:\/\/api.w.org\/{rel}","templated":true}]}}