{"id":11352,"date":"2025-01-22T10:04:56","date_gmt":"2025-01-22T07:04:56","guid":{"rendered":"https:\/\/www.egemtv.com\/?p=11352"},"modified":"2025-01-22T10:04:57","modified_gmt":"2025-01-22T07:04:57","slug":"kutahya-mem-muduru-basyigit-arama-kurtarma-birimiyle-bir-araya-geldi","status":"publish","type":"post","link":"https:\/\/www.egemtv.com\/?p=11352","title":{"rendered":"K\u00fctahya MEM M\u00fcd\u00fcr\u00fc Ba\u015fyi\u011fit arama kurtarma birimiyle bir araya geldi"},"content":{"rendered":"<p>K\u00fctahya \u0130l Milli E\u011fitim M\u00fcd\u00fcr\u00fc Hasan Ba\u015fyi\u011fit, Milli E\u011fitim M\u00fcd\u00fcrl\u00fc\u011f\u00fc Arama Kurtarma Birimiyle (MEB AKUB) bir araya geldi.<br \/>\n<br \/>T\u00fcrkiye\u2019de bar\u0131nma alan\u0131nda akredite olmak i\u00e7in s\u0131nava giren ve \u00e7al\u0131\u015fmalar\u0131n\u0131 ba\u015far\u0131yla tamamlayan K\u00fctahya MEB AKUB, s\u00fcre\u00e7 boyunca dayan\u0131\u015fma i\u00e7inde \u00e7al\u0131\u015farak, hem saha e\u011fitimlerinde hem de haz\u0131rl\u0131k s\u00fcrecinde profesyonel bir ekip ruhu sergiledi.<br \/>\n<br \/>Bu anlaml\u0131 s\u00fcre\u00e7 \u00e7er\u00e7evesinde, ekibi tebrik ederek yap\u0131lan \u00e7al\u0131\u015fmalar\u0131n g\u00f6n\u00fcll\u00fcl\u00fck esas\u0131na dayand\u0131\u011f\u0131n\u0131 ve ekip \u00fcyelerinin b\u00fcy\u00fck bir \u00f6zveri g\u00f6sterdi\u011fini vurgulayan \u0130l Milli E\u011fitim M\u00fcd\u00fcr\u00fc Hasan Ba\u015fyi\u011fit, konu\u015fmas\u0131nda ekibin bu s\u00fcre\u00e7teki ba\u015far\u0131s\u0131n\u0131n di\u011fer illere de \u00f6rnek te\u015fkil edece\u011fini belirterek, &#8220;AKUB ekibimiz, e\u011fitim camias\u0131n\u0131n topluma sadece bilgiyle de\u011fil, ayn\u0131 zamanda fedakarl\u0131k ve hizmet bilinciyle katk\u0131 sundu\u011funu g\u00f6stermi\u015ftir. Bu \u00f6nemli ba\u015far\u0131da eme\u011fi ge\u00e7en t\u00fcm ekip \u00fcyelerine te\u015fekk\u00fcr ediyorum&#8221; dedi.<br \/><\/p>\n","protected":false},"excerpt":{"rendered":"<p>K\u00fctahya \u0130l Milli E\u011fitim M\u00fcd\u00fcr\u00fc Hasan Ba\u015fyi\u011fit, Milli E\u011fitim M\u00fcd\u00fcrl\u00fc\u011f\u00fc Arama Kurtarma Birimiyle (MEB AKUB) bir araya geldi. T\u00fcrkiye\u2019de bar\u0131nma alan\u0131nda akredite olmak i\u00e7in s\u0131nava giren ve \u00e7al\u0131\u015fmalar\u0131n\u0131 ba\u015far\u0131yla tamamlayan K\u00fctahya MEB AKUB, s\u00fcre\u00e7 boyunca dayan\u0131\u015fma i\u00e7inde \u00e7al\u0131\u015farak, hem saha e\u011fitimlerinde hem de haz\u0131rl\u0131k s\u00fcrecinde profesyonel bir ekip ruhu sergiledi. Bu anlaml\u0131 s\u00fcre\u00e7 \u00e7er\u00e7evesinde, ekibi&#8230;<\/p>\n","protected":false},"author":1,"featured_media":11353,"comment_status":"open","ping_status":"open","sticky":false,"template":"","format":"standard","meta":{"_crdt_document":"","footnotes":""},"categories":[1],"tags":[],"class_list":["post-11352","post","type-post","status-publish","format-standard","has-post-thumbnail","hentry","category-guncel"],"_links":{"self":[{"href":"https:\/\/www.egemtv.com\/index.php?rest_route=\/wp\/v2\/posts\/11352","targetHints":{"allow":["GET"]}}],"collection":[{"href":"https:\/\/www.egemtv.com\/index.php?rest_route=\/wp\/v2\/posts"}],"about":[{"href":"https:\/\/www.egemtv.com\/index.php?rest_route=\/wp\/v2\/types\/post"}],"author":[{"embeddable":true,"href":"https:\/\/www.egemtv.com\/index.php?rest_route=\/wp\/v2\/users\/1"}],"replies":[{"embeddable":true,"href":"https:\/\/www.egemtv.com\/index.php?rest_route=%2Fwp%2Fv2%2Fcomments&post=11352"}],"version-history":[{"count":1,"href":"https:\/\/www.egemtv.com\/index.php?rest_route=\/wp\/v2\/posts\/11352\/revisions"}],"predecessor-version":[{"id":11354,"href":"https:\/\/www.egemtv.com\/index.php?rest_route=\/wp\/v2\/posts\/11352\/revisions\/11354"}],"wp:featuredmedia":[{"embeddable":true,"href":"https:\/\/www.egemtv.com\/index.php?rest_route=\/wp\/v2\/media\/11353"}],"wp:attachment":[{"href":"https:\/\/www.egemtv.com\/index.php?rest_route=%2Fwp%2Fv2%2Fmedia&parent=11352"}],"wp:term":[{"taxonomy":"category","embeddable":true,"href":"https:\/\/www.egemtv.com\/index.php?rest_route=%2Fwp%2Fv2%2Fcategories&post=11352"},{"taxonomy":"post_tag","embeddable":true,"href":"https:\/\/www.egemtv.com\/index.php?rest_route=%2Fwp%2Fv2%2Ftags&post=11352"}],"curies":[{"name":"wp","href":"https:\/\/api.w.org\/{rel}","templated":true}]}}