{"id":11343,"date":"2025-01-22T10:01:23","date_gmt":"2025-01-22T07:01:23","guid":{"rendered":"https:\/\/www.egemtv.com\/?p=11343"},"modified":"2025-01-22T10:01:24","modified_gmt":"2025-01-22T07:01:24","slug":"baskan-golcuk-kosk-esnafini-kongreye-davet-etti","status":"publish","type":"post","link":"https:\/\/www.egemtv.com\/?p=11343","title":{"rendered":"Ba\u015fkan G\u00f6lc\u00fck, K\u00f6\u015fk esnaf\u0131n\u0131 kongreye davet etti"},"content":{"rendered":"<p>Ayd\u0131n\u2019\u0131n K\u00f6\u015fk \u0130l\u00e7esinde 1312 ortakl\u0131  K\u00f6\u015fk Esnaf ve Sanatkarlar Kredi ve Kefalet Kooperatifi 28 \u015eubat 2025 Cuma ola\u011fan mali genel kurula gidece\u011fini duyurdu. Kooperatif olarak bug\u00fcne kadar 340 milyon TL kredi kulland\u0131rd\u0131klar\u0131n\u0131 ve her zaman esnaf ve sanatkar\u0131n  yan\u0131nda olduklar\u0131n\u0131 kaydeden Ba\u015fkan Memduh G\u00f6lc\u00fck, t\u00fcm \u00fcyelere ola\u011fan mali genel kurula davet etti.<br \/>\n<br \/>Kongrelerin kendileri i\u00e7in bir hesap verme ve ayn\u0131 zamanda bir esnaf bulu\u015fmas\u0131 oldu\u011funu kaydeden Ba\u015fkan G\u00f6lc\u00fck, \u201cBu \u00fclkenin temel ta\u015f\u0131 esnaf ve sanatkarlard\u0131r.  Zor \u015fartlar alt\u0131nda da olsa esnaf ve sanatkar\u0131m\u0131z Ahilik geleneklerini s\u00fcrd\u00fcrme gayreti i\u00e7erisindedir. Memlekette halk\u0131n ne zaman bir sorunu s\u0131k\u0131nt\u0131s\u0131 olsa esnaf ve sanatkar\u0131m\u0131z her zaman halk\u0131n zor g\u00fcnlerinde yan\u0131nda olmu\u015ftur. Bu nedenle halk\u0131m\u0131z\u0131n da her zaman esnaf ve sanatkar\u0131n\u0131n yan\u0131nda olmas\u0131n\u0131 istiyoruz. \u00c7\u00fcnk\u00fc esnaf ve sanatkar\u0131m\u0131z halen anahtarlar\u0131n teslim edildi\u011fi en iyi kom\u015fumuzdur. Globalle\u015fen d\u00fcnyada yerel esnaf esnaf\u0131m\u0131z bir yandan ekonomik sorunlarla m\u00fccadele ederken, di\u011fer yandan da halen Ahilik geleneklerini s\u00fcrd\u00fcrmektedir\u201d dedi.<br \/>\n<br \/>K\u00f6\u015fk Merkez Saray D\u00fc\u011f\u00fcn Salonu\u2019nda saat 11:00\u2019de ger\u00e7ekle\u015ftirilecek olan kongrede 12 ayr\u0131 g\u00fcndem maddesi ile ger\u00e7ekle\u015ftirilecek olan ola\u011fan mali genel kurulda gelir gider hesaplar\u0131n\u0131n m\u00fczakere edilip oylanaca\u011f\u0131 belirtildi.<br \/><\/p>\n","protected":false},"excerpt":{"rendered":"<p>Ayd\u0131n\u2019\u0131n K\u00f6\u015fk \u0130l\u00e7esinde 1312 ortakl\u0131 K\u00f6\u015fk Esnaf ve Sanatkarlar Kredi ve Kefalet Kooperatifi 28 \u015eubat 2025 Cuma ola\u011fan mali genel kurula gidece\u011fini duyurdu. Kooperatif olarak bug\u00fcne kadar 340 milyon TL kredi kulland\u0131rd\u0131klar\u0131n\u0131 ve her zaman esnaf ve sanatkar\u0131n yan\u0131nda olduklar\u0131n\u0131 kaydeden Ba\u015fkan Memduh G\u00f6lc\u00fck, t\u00fcm \u00fcyelere ola\u011fan mali genel kurula davet etti. Kongrelerin kendileri i\u00e7in&#8230;<\/p>\n","protected":false},"author":1,"featured_media":11344,"comment_status":"open","ping_status":"open","sticky":false,"template":"","format":"standard","meta":{"_crdt_document":"","footnotes":""},"categories":[125],"tags":[],"class_list":["post-11343","post","type-post","status-publish","format-standard","has-post-thumbnail","hentry","category-ekonomi"],"_links":{"self":[{"href":"https:\/\/www.egemtv.com\/index.php?rest_route=\/wp\/v2\/posts\/11343","targetHints":{"allow":["GET"]}}],"collection":[{"href":"https:\/\/www.egemtv.com\/index.php?rest_route=\/wp\/v2\/posts"}],"about":[{"href":"https:\/\/www.egemtv.com\/index.php?rest_route=\/wp\/v2\/types\/post"}],"author":[{"embeddable":true,"href":"https:\/\/www.egemtv.com\/index.php?rest_route=\/wp\/v2\/users\/1"}],"replies":[{"embeddable":true,"href":"https:\/\/www.egemtv.com\/index.php?rest_route=%2Fwp%2Fv2%2Fcomments&post=11343"}],"version-history":[{"count":1,"href":"https:\/\/www.egemtv.com\/index.php?rest_route=\/wp\/v2\/posts\/11343\/revisions"}],"predecessor-version":[{"id":11345,"href":"https:\/\/www.egemtv.com\/index.php?rest_route=\/wp\/v2\/posts\/11343\/revisions\/11345"}],"wp:featuredmedia":[{"embeddable":true,"href":"https:\/\/www.egemtv.com\/index.php?rest_route=\/wp\/v2\/media\/11344"}],"wp:attachment":[{"href":"https:\/\/www.egemtv.com\/index.php?rest_route=%2Fwp%2Fv2%2Fmedia&parent=11343"}],"wp:term":[{"taxonomy":"category","embeddable":true,"href":"https:\/\/www.egemtv.com\/index.php?rest_route=%2Fwp%2Fv2%2Fcategories&post=11343"},{"taxonomy":"post_tag","embeddable":true,"href":"https:\/\/www.egemtv.com\/index.php?rest_route=%2Fwp%2Fv2%2Ftags&post=11343"}],"curies":[{"name":"wp","href":"https:\/\/api.w.org\/{rel}","templated":true}]}}