{"id":11340,"date":"2025-01-22T09:55:36","date_gmt":"2025-01-22T06:55:36","guid":{"rendered":"https:\/\/www.egemtv.com\/?p=11340"},"modified":"2025-01-22T09:55:38","modified_gmt":"2025-01-22T06:55:38","slug":"tarama-calismalari-korfez-icin-umutlari-yesertti","status":"publish","type":"post","link":"https:\/\/www.egemtv.com\/?p=11340","title":{"rendered":"Tarama \u00e7al\u0131\u015fmalar\u0131 k\u00f6rfez i\u00e7in umutlar\u0131 ye\u015fertti"},"content":{"rendered":"<p>\u0130zmir B\u00fcy\u00fck\u015fehir Belediyesinin k\u00f6rfezin temizlenmesine y\u00f6nelik \u00e7al\u0131\u015fmalar kapsam\u0131nda y\u00fcr\u00fctt\u00fc\u011f\u00fc dip taramas\u0131nda bug\u00fcne kadar 85 bin ton malzeme \u00e7\u0131kar\u0131ld\u0131. \u00c7al\u0131\u015fmalar\u0131n memnuniyet verici oldu\u011funu belirten b\u00f6lgedeki vatanda\u015flar ve bal\u0131k\u00e7\u0131lar k\u0131y\u0131larda bal\u0131klar\u0131n y\u00fczd\u00fc\u011f\u00fcn\u00fc g\u00f6rd\u00fcklerinde ya\u015fad\u0131klar\u0131 mutlulu\u011fu dile getirdi.<br \/>\n<br \/>\u0130zmir B\u00fcy\u00fck\u015fehir Belediyesi \u0130ZSU Genel M\u00fcd\u00fcrl\u00fc\u011f\u00fc, \u0130zmir K\u00f6rfezi\u2019nde sirk\u00fclasyonu sa\u011flayarak, denizin temizlenmesinde \u00f6nemli rol oynayacak dip tarama \u00e7al\u0131\u015fmalar\u0131n\u0131 gece g\u00fcnd\u00fcz s\u00fcrd\u00fcr\u00fcyor. Aral\u0131k ay\u0131nda ba\u015flayan \u00e7al\u0131\u015fmalar kapsam\u0131nda bug\u00fcne kadar K\u00f6rfez\u2019in taban\u0131ndan 85 bin ton \u00e7amur \u00e7\u0131kar\u0131ld\u0131. \u00c7al\u0131\u015fmalar\u0131n g\u00fczel sonu\u00e7lar do\u011furaca\u011f\u0131na inand\u0131klar\u0131n\u0131 belirten yurtta\u015flar denizin renginin a\u00e7\u0131lmaya ba\u015flad\u0131\u011f\u0131n\u0131 ve koku duymad\u0131klar\u0131n\u0131 dile getirdi. \u0130ZSU Genel M\u00fcd\u00fcrl\u00fc\u011f\u00fc Haziran ay\u0131na kadar Peynircio\u011flu Deresi a\u011fz\u0131 ve K\u00f6rfez\u2019in kuzey aks\u0131n\u0131 kapsayan b\u00f6lgede ilk etapta 700 bin metrek\u00fcp dip \u00e7amuru tarayacak. \u0130ZSU Genel M\u00fcd\u00fcrl\u00fc\u011f\u00fc bu \u00e7al\u0131\u015fmalar\u0131 440 milyon liral\u0131k yat\u0131r\u0131mla ger\u00e7ekle\u015ftirecek.<\/p>\n<p>\u201cDevlet de destek olmal\u0131\u201d<br \/>\n<br \/>K\u00f6rfez\u2019in temizlenme s\u00fcreci ile y\u00fcr\u00fct\u00fclen \u00e7al\u0131\u015fmalar ilgili yurtta\u015flar ise \u015fu g\u00f6r\u00fc\u015fleri payla\u015ft\u0131:<br \/>\n<br \/>Kar\u015f\u0131yaka\u2019da ya\u015fayan \u015eeyda Kozan, \u201cGe\u00e7ti\u011fimiz yaz \u0130zmir K\u00f6rfezi\u2019ni k\u00f6t\u00fc g\u00f6rd\u00fc\u011f\u00fcm\u00fcz i\u00e7in \u00e7ok korkmu\u015ftuk. Ancak \u0130zmir B\u00fcy\u00fck\u015fehir Belediyesinin bu konuda bir \u00e7al\u0131\u015fmas\u0131 var. Biz bu \u00e7al\u0131\u015fmalar\u0131n faydas\u0131n\u0131 g\u00f6rmeye ba\u015flad\u0131k. Temennimiz bu \u00e7al\u0131\u015fmalar\u0131n devam etmesi. Bu y\u00f6nde devletin de destek olmas\u0131 gerek. Belediye belli bir s\u0131n\u0131ra kadar \u00e7\u00f6z\u00fcmleyebiliyor ama umar\u0131m destek olunur. Bu \u015fehir hepimizin \u015fehri\u201d dedi.<\/p>\n<p>\u201cG\u00fczel sonu\u00e7lar al\u0131nacak\u201d<br \/>\n<br \/>Kar\u015f\u0131yaka sahilinde her g\u00fcn e\u015fiyle birlikte y\u00fcr\u00fcy\u00fc\u015f yapan ve K\u00f6rfezi g\u00f6zlemleme \u015fans\u0131 buldu\u011funu s\u00f6yleyen Nebahat Kubay, \u201cDaha \u00f6nce y\u00fcr\u00fcy\u00fc\u015f yaparken koku ve yosun sorununa \u015fahit oluyorduk. K\u00f6rfezi kurtarmak i\u00e7in belediyenin \u00e7al\u0131\u015fmalara ba\u015flam\u0131\u015f olmas\u0131 bile bizler i\u00e7in \u00e7ok \u00f6nemli. \u00c7al\u0131\u015fmalar devam ettik\u00e7e muhakkak sonu\u00e7 al\u0131nacakt\u0131r\u201d diye konu\u015ftu.<\/p>\n<p>\u201cK\u0131y\u0131da bal\u0131klar\u0131n y\u00fczmesi bizi mutlu ediyor\u201d<br \/>\n<br \/>\u0130zmir K\u00f6rfezi\u2019ndeki bal\u0131k \u00f6l\u00fcmlerine \u00e7ok \u00fcz\u00fcld\u00fc\u011f\u00fcn\u00fc ancak \u00e7al\u0131\u015fmalar\u0131n etkisini \u00e7\u0131plak g\u00f6zle fark ettiklerini kaydeden Ye\u015fim Akova, \u201cK\u0131y\u0131da bal\u0131klar\u0131n y\u00fczd\u00fc\u011f\u00fcn\u00fc g\u00f6r\u00fcnce \u00e7ok mutlu oluyorum. Bir \u015feylerin yap\u0131ld\u0131\u011f\u0131n\u0131n kan\u0131t\u0131 bu g\u00f6r\u00fcnt\u00fcler. Bakanl\u0131\u011f\u0131n \u0130zmir B\u00fcy\u00fck\u015fehir Belediyesini yaln\u0131z b\u0131rakaca\u011f\u0131 belliydi. Ancak B\u00fcy\u00fck\u015fehir bu konuda kendi yolunu \u00e7izebilir\u201d dedi.<\/p>\n<p>\u201cK\u00f6rfez\u2019de iyile\u015fme var\u201d<br \/>\n<br \/>Ge\u00e7imini \u0130zmir K\u00f6rfezi\u2019nde bal\u0131k\u00e7\u0131l\u0131k yaparak kazanan Yavuz Akdere, \u201cK\u00f6rfezde yaz\u0131n olan bal\u0131k \u00f6l\u00fcmlerinden sonra \u00e7al\u0131\u015fmalar ba\u015flad\u0131. \u0130yile\u015fme var ancak Gediz Nehri\u2019nden gelen sanayi at\u0131klar\u0131n\u0131n \u00f6n\u00fcn\u00fcn kesilmesi, denetlenmesi laz\u0131m. Sadece deniz canl\u0131lar\u0131 i\u00e7in de\u011fil bu durum insanlar i\u00e7in de tehdit olu\u015fturacak\u201d \u015feklinde konu\u015ftu.<br \/>\n<br \/>20 y\u0131ld\u0131r bal\u0131k\u00e7\u0131l\u0131k yapan Hakan \u00d6zeli ise, \u201cK\u00f6rfez\u2019de iyile\u015fme var. Suyun rengi berrakla\u015fmaya ba\u015flad\u0131. Umuyoruz ki ilerleyen zamanlarda daha da g\u00fczelle\u015fir. T\u00fcm yetkililerden \u0130zmir K\u00f6rfezi\u2019nin temizlenmesi i\u00e7in desteklerini bekliyoruz\u201d ifadelerini kulland\u0131.<\/p>\n<p>K\u00f6rfez temizlenene kadar \u00e7al\u0131\u015fmalara devam<br \/>\n<br \/>Yap\u0131lan a\u00e7\u0131klamaya g\u00f6re, k\u00f6rfezde birinci etap dip tarama \u00e7al\u0131\u015fmalar\u0131n\u0131n ard\u0131ndan 1 milyon 800 bin metrek\u00fcp dip \u00e7amurunun daha taranmas\u0131 i\u00e7in bu y\u0131l ihaleye \u00e7\u0131k\u0131lacak. Bu \u00f6nemli proje kapsam\u0131nda iki etap sonunda 2,5 milyon metrek\u00fcp \u00e7amur taranacak ve \u0130zmir\u2019de bug\u00fcne kadar yap\u0131lm\u0131\u015f en b\u00fcy\u00fck tarama ger\u00e7ekle\u015ftirilmi\u015f olacak. K\u00f6rfez ve dere a\u011fz\u0131 tarama \u00e7al\u0131\u015fmalar\u0131, k\u00f6rfezdeki su kalitesini art\u0131racak ve 20 santimetre derinliklere inen k\u00f6rfezin karasalla\u015fan noktalar\u0131ndaki dip tarama malzemesinin al\u0131nmas\u0131 ile k\u00f6rfezin ak\u0131nt\u0131 h\u0131z\u0131 artacak ve kirlilik azalacak.<br \/><\/p>\n","protected":false},"excerpt":{"rendered":"<p>\u0130zmir B\u00fcy\u00fck\u015fehir Belediyesinin k\u00f6rfezin temizlenmesine y\u00f6nelik \u00e7al\u0131\u015fmalar kapsam\u0131nda y\u00fcr\u00fctt\u00fc\u011f\u00fc dip taramas\u0131nda bug\u00fcne kadar 85 bin ton malzeme \u00e7\u0131kar\u0131ld\u0131. \u00c7al\u0131\u015fmalar\u0131n memnuniyet verici oldu\u011funu belirten b\u00f6lgedeki vatanda\u015flar ve bal\u0131k\u00e7\u0131lar k\u0131y\u0131larda bal\u0131klar\u0131n y\u00fczd\u00fc\u011f\u00fcn\u00fc g\u00f6rd\u00fcklerinde ya\u015fad\u0131klar\u0131 mutlulu\u011fu dile getirdi. \u0130zmir B\u00fcy\u00fck\u015fehir Belediyesi \u0130ZSU Genel M\u00fcd\u00fcrl\u00fc\u011f\u00fc, \u0130zmir K\u00f6rfezi\u2019nde sirk\u00fclasyonu sa\u011flayarak, denizin temizlenmesinde \u00f6nemli rol oynayacak dip tarama \u00e7al\u0131\u015fmalar\u0131n\u0131 gece g\u00fcnd\u00fcz&#8230;<\/p>\n","protected":false},"author":1,"featured_media":11341,"comment_status":"open","ping_status":"open","sticky":false,"template":"","format":"standard","meta":{"_crdt_document":"","footnotes":""},"categories":[1],"tags":[],"class_list":["post-11340","post","type-post","status-publish","format-standard","has-post-thumbnail","hentry","category-guncel"],"_links":{"self":[{"href":"https:\/\/www.egemtv.com\/index.php?rest_route=\/wp\/v2\/posts\/11340","targetHints":{"allow":["GET"]}}],"collection":[{"href":"https:\/\/www.egemtv.com\/index.php?rest_route=\/wp\/v2\/posts"}],"about":[{"href":"https:\/\/www.egemtv.com\/index.php?rest_route=\/wp\/v2\/types\/post"}],"author":[{"embeddable":true,"href":"https:\/\/www.egemtv.com\/index.php?rest_route=\/wp\/v2\/users\/1"}],"replies":[{"embeddable":true,"href":"https:\/\/www.egemtv.com\/index.php?rest_route=%2Fwp%2Fv2%2Fcomments&post=11340"}],"version-history":[{"count":1,"href":"https:\/\/www.egemtv.com\/index.php?rest_route=\/wp\/v2\/posts\/11340\/revisions"}],"predecessor-version":[{"id":11342,"href":"https:\/\/www.egemtv.com\/index.php?rest_route=\/wp\/v2\/posts\/11340\/revisions\/11342"}],"wp:featuredmedia":[{"embeddable":true,"href":"https:\/\/www.egemtv.com\/index.php?rest_route=\/wp\/v2\/media\/11341"}],"wp:attachment":[{"href":"https:\/\/www.egemtv.com\/index.php?rest_route=%2Fwp%2Fv2%2Fmedia&parent=11340"}],"wp:term":[{"taxonomy":"category","embeddable":true,"href":"https:\/\/www.egemtv.com\/index.php?rest_route=%2Fwp%2Fv2%2Fcategories&post=11340"},{"taxonomy":"post_tag","embeddable":true,"href":"https:\/\/www.egemtv.com\/index.php?rest_route=%2Fwp%2Fv2%2Ftags&post=11340"}],"curies":[{"name":"wp","href":"https:\/\/api.w.org\/{rel}","templated":true}]}}