{"id":11334,"date":"2025-01-22T09:46:01","date_gmt":"2025-01-22T06:46:01","guid":{"rendered":"https:\/\/www.egemtv.com\/?p=11334"},"modified":"2025-01-22T09:46:03","modified_gmt":"2025-01-22T06:46:03","slug":"aydindaki-200-yillik-tarihi-han-temizlendi","status":"publish","type":"post","link":"https:\/\/www.egemtv.com\/?p=11334","title":{"rendered":"Ayd\u0131n\u2019daki 200 y\u0131ll\u0131k tarihi han temizlendi"},"content":{"rendered":"<p>Ayd\u0131n\u2019\u0131n Efeler il\u00e7esinde bulunan ve 19. y\u00fczy\u0131lda yap\u0131ld\u0131\u011f\u0131 bilinen tarihi G\u00fcmr\u00fck\u00f6n\u00fc Han\u0131, y\u0131llard\u0131r yeniden aya\u011fa kalkaca\u011f\u0131 g\u00fcn\u00fc beklerken, uzun s\u00fcredir at\u0131l durumda olan tarihi yap\u0131da temizlik \u00e7al\u0131\u015fmas\u0131 ger\u00e7ekle\u015ftirildi.<\/p>\n<p>Ayd\u0131n\u2019\u0131n Efeler il\u00e7esinin eski yerle\u015fim yerlerinden olan ve Has\u0131r Pazar\u0131 olarak bilinen mevkii, modern d\u00fcnyaya inat tarihi dokusunu korumaya devam ederken, i\u00e7erisinde bar\u0131nd\u0131rd\u0131\u011f\u0131 200 y\u0131ll\u0131k G\u00fcmr\u00fck\u00f6n\u00fc Han\u0131 da yeniden aya\u011fa kalkaca\u011f\u0131 g\u00fcn\u00fc bekliyor. Yakla\u015f\u0131k 13 y\u0131l \u00f6nce restorasyonu yap\u0131lan ve ba\u015flat\u0131lan hukuki s\u00fcrecin ard\u0131ndan adeta kendi haline b\u0131rak\u0131lan tarihi yap\u0131n\u0131n b\u00f6lgeye ve turizme kazand\u0131r\u0131lmas\u0131 i\u00e7in \u00e7al\u0131\u015fmalar s\u00fcrerken, belediye ekiplerince tarihi han temizlendi. Yabani otlar\u0131n b\u00fcy\u00fcd\u00fc\u011f\u00fc tarihi han\u0131n bah\u00e7esi temizlenirken tarihi yap\u0131n\u0131n her yeri de y\u0131kand\u0131. Tarihi han\u0131n temizlenmesinden duyduklar\u0131 memnuniyeti dile getiren mahalle esnaf\u0131 ise yetkililere te\u015fekk\u00fcr etti.<\/p>\n<p>\u00d6te yandan b\u00f6lgenin \u00f6nemli ticaret yollar\u0131 \u00fczerinde oldu\u011funu hat\u0131rlatarak han\u0131n \u00f6nemine dikkat \u00e7eken b\u00f6lge esnaf\u0131, han ve soka\u011f\u0131n \u0130stanbul\u2019un Kapal\u0131 ve M\u0131s\u0131r \u00c7ar\u015f\u0131s\u0131, \u0130zmir\u2019in Kemeralt\u0131 \u00c7ar\u015f\u0131s\u0131 gibi g\u00f6zde \u00e7ar\u015f\u0131lardan biri olmaya aday oldu\u011funa dikkat \u00e7ekti.<br \/><\/p>\n","protected":false},"excerpt":{"rendered":"<p>Ayd\u0131n\u2019\u0131n Efeler il\u00e7esinde bulunan ve 19. y\u00fczy\u0131lda yap\u0131ld\u0131\u011f\u0131 bilinen tarihi G\u00fcmr\u00fck\u00f6n\u00fc Han\u0131, y\u0131llard\u0131r yeniden aya\u011fa kalkaca\u011f\u0131 g\u00fcn\u00fc beklerken, uzun s\u00fcredir at\u0131l durumda olan tarihi yap\u0131da temizlik \u00e7al\u0131\u015fmas\u0131 ger\u00e7ekle\u015ftirildi. Ayd\u0131n\u2019\u0131n Efeler il\u00e7esinin eski yerle\u015fim yerlerinden olan ve Has\u0131r Pazar\u0131 olarak bilinen mevkii, modern d\u00fcnyaya inat tarihi dokusunu korumaya devam ederken, i\u00e7erisinde bar\u0131nd\u0131rd\u0131\u011f\u0131 200 y\u0131ll\u0131k G\u00fcmr\u00fck\u00f6n\u00fc Han\u0131&#8230;<\/p>\n","protected":false},"author":1,"featured_media":11335,"comment_status":"open","ping_status":"open","sticky":false,"template":"","format":"standard","meta":{"_crdt_document":"","footnotes":""},"categories":[1],"tags":[],"class_list":["post-11334","post","type-post","status-publish","format-standard","has-post-thumbnail","hentry","category-guncel"],"_links":{"self":[{"href":"https:\/\/www.egemtv.com\/index.php?rest_route=\/wp\/v2\/posts\/11334","targetHints":{"allow":["GET"]}}],"collection":[{"href":"https:\/\/www.egemtv.com\/index.php?rest_route=\/wp\/v2\/posts"}],"about":[{"href":"https:\/\/www.egemtv.com\/index.php?rest_route=\/wp\/v2\/types\/post"}],"author":[{"embeddable":true,"href":"https:\/\/www.egemtv.com\/index.php?rest_route=\/wp\/v2\/users\/1"}],"replies":[{"embeddable":true,"href":"https:\/\/www.egemtv.com\/index.php?rest_route=%2Fwp%2Fv2%2Fcomments&post=11334"}],"version-history":[{"count":1,"href":"https:\/\/www.egemtv.com\/index.php?rest_route=\/wp\/v2\/posts\/11334\/revisions"}],"predecessor-version":[{"id":11336,"href":"https:\/\/www.egemtv.com\/index.php?rest_route=\/wp\/v2\/posts\/11334\/revisions\/11336"}],"wp:featuredmedia":[{"embeddable":true,"href":"https:\/\/www.egemtv.com\/index.php?rest_route=\/wp\/v2\/media\/11335"}],"wp:attachment":[{"href":"https:\/\/www.egemtv.com\/index.php?rest_route=%2Fwp%2Fv2%2Fmedia&parent=11334"}],"wp:term":[{"taxonomy":"category","embeddable":true,"href":"https:\/\/www.egemtv.com\/index.php?rest_route=%2Fwp%2Fv2%2Fcategories&post=11334"},{"taxonomy":"post_tag","embeddable":true,"href":"https:\/\/www.egemtv.com\/index.php?rest_route=%2Fwp%2Fv2%2Ftags&post=11334"}],"curies":[{"name":"wp","href":"https:\/\/api.w.org\/{rel}","templated":true}]}}