{"id":11331,"date":"2025-01-22T09:43:12","date_gmt":"2025-01-22T06:43:12","guid":{"rendered":"https:\/\/www.egemtv.com\/?p=11331"},"modified":"2025-01-22T09:43:13","modified_gmt":"2025-01-22T06:43:13","slug":"germencikte-2025-yili-av-komisyonu-toplantisi-gerceklestirildi","status":"publish","type":"post","link":"https:\/\/www.egemtv.com\/?p=11331","title":{"rendered":"Germencik\u2019te 2025 Y\u0131l\u0131 Av Komisyonu Toplant\u0131s\u0131 ger\u00e7ekle\u015ftirildi"},"content":{"rendered":"<p>Ayd\u0131n\u2019\u0131n Germencik il\u00e7esinde avc\u0131lar\u0131n g\u00fcnl\u00fck avlayabilecekleri av hayvan\u0131 limitleri belirlendi.<\/p>\n<p>Germencik Kaymakam\u0131 Sultan Do\u011fru ba\u015fkanl\u0131\u011f\u0131nda 2025 Y\u0131l\u0131 Av Komisyonu Toplant\u0131s\u0131 d\u00fczenlendi. Toplant\u0131da, il\u00e7e genelinde ge\u00e7erli olacak 2025 y\u0131l\u0131 av d\u00f6nemi i\u00e7in avc\u0131l\u0131kla ilgili usul ve esaslar belirlendi. Al\u0131nan kararlar kapsam\u0131nda avlanma s\u00fcreleri ile avc\u0131 ba\u015f\u0131na g\u00fcnl\u00fck avlanabilecek av hayvan\u0131 limitleri, yasaklanan avlaklar, t\u00fcrler ve avlanma g\u00fcnleri, koruma alt\u0131na al\u0131nacak ve av\u0131na izin verilecek t\u00fcrler, avlanmada kullan\u0131lmas\u0131 ve bulundurulmas\u0131 yasaklanan ara\u00e7 ve gere\u00e7ler, yasaklanan avlanma usulleri, yaban domuzu s\u00fcrek av\u0131 esaslar\u0131 ve m\u00fccadele ama\u00e7l\u0131 avlanmalar, di\u011fer k\u0131s\u0131tlama ve d\u00fczenlemeler belirlendi. Toplant\u0131da ayr\u0131ca, yaban hayat\u0131n\u0131n korunmas\u0131 ve s\u00fcrd\u00fcr\u00fclebilir avc\u0131l\u0131k politikalar\u0131n\u0131n geli\u015ftirilmesi ad\u0131na \u00e7e\u015fitli \u00f6nlemler de g\u00f6r\u00fc\u015f\u00fclerek karara ba\u011fland\u0131. Belirlenen esaslar, 2025 y\u0131l\u0131 av sezonunda t\u00fcm avc\u0131lar ve ilgililer taraf\u0131ndan dikkate al\u0131nacak. Toplant\u0131ya, 4915 say\u0131l\u0131 Kara Avc\u0131l\u0131\u011f\u0131 Kanunu \u00e7er\u00e7evesinde kamu kurum ve kurulu\u015flar\u0131, sivil toplum \u00f6rg\u00fctleri ve avc\u0131 kurulu\u015flar\u0131ndan temsilciler kat\u0131ld\u0131.<br \/><\/p>\n","protected":false},"excerpt":{"rendered":"<p>Ayd\u0131n\u2019\u0131n Germencik il\u00e7esinde avc\u0131lar\u0131n g\u00fcnl\u00fck avlayabilecekleri av hayvan\u0131 limitleri belirlendi. Germencik Kaymakam\u0131 Sultan Do\u011fru ba\u015fkanl\u0131\u011f\u0131nda 2025 Y\u0131l\u0131 Av Komisyonu Toplant\u0131s\u0131 d\u00fczenlendi. Toplant\u0131da, il\u00e7e genelinde ge\u00e7erli olacak 2025 y\u0131l\u0131 av d\u00f6nemi i\u00e7in avc\u0131l\u0131kla ilgili usul ve esaslar belirlendi. Al\u0131nan kararlar kapsam\u0131nda avlanma s\u00fcreleri ile avc\u0131 ba\u015f\u0131na g\u00fcnl\u00fck avlanabilecek av hayvan\u0131 limitleri, yasaklanan avlaklar, t\u00fcrler ve avlanma&#8230;<\/p>\n","protected":false},"author":1,"featured_media":11332,"comment_status":"open","ping_status":"open","sticky":false,"template":"","format":"standard","meta":{"_crdt_document":"","footnotes":""},"categories":[1],"tags":[],"class_list":["post-11331","post","type-post","status-publish","format-standard","has-post-thumbnail","hentry","category-guncel"],"_links":{"self":[{"href":"https:\/\/www.egemtv.com\/index.php?rest_route=\/wp\/v2\/posts\/11331","targetHints":{"allow":["GET"]}}],"collection":[{"href":"https:\/\/www.egemtv.com\/index.php?rest_route=\/wp\/v2\/posts"}],"about":[{"href":"https:\/\/www.egemtv.com\/index.php?rest_route=\/wp\/v2\/types\/post"}],"author":[{"embeddable":true,"href":"https:\/\/www.egemtv.com\/index.php?rest_route=\/wp\/v2\/users\/1"}],"replies":[{"embeddable":true,"href":"https:\/\/www.egemtv.com\/index.php?rest_route=%2Fwp%2Fv2%2Fcomments&post=11331"}],"version-history":[{"count":1,"href":"https:\/\/www.egemtv.com\/index.php?rest_route=\/wp\/v2\/posts\/11331\/revisions"}],"predecessor-version":[{"id":11333,"href":"https:\/\/www.egemtv.com\/index.php?rest_route=\/wp\/v2\/posts\/11331\/revisions\/11333"}],"wp:featuredmedia":[{"embeddable":true,"href":"https:\/\/www.egemtv.com\/index.php?rest_route=\/wp\/v2\/media\/11332"}],"wp:attachment":[{"href":"https:\/\/www.egemtv.com\/index.php?rest_route=%2Fwp%2Fv2%2Fmedia&parent=11331"}],"wp:term":[{"taxonomy":"category","embeddable":true,"href":"https:\/\/www.egemtv.com\/index.php?rest_route=%2Fwp%2Fv2%2Fcategories&post=11331"},{"taxonomy":"post_tag","embeddable":true,"href":"https:\/\/www.egemtv.com\/index.php?rest_route=%2Fwp%2Fv2%2Ftags&post=11331"}],"curies":[{"name":"wp","href":"https:\/\/api.w.org\/{rel}","templated":true}]}}