{"id":11328,"date":"2025-01-22T09:43:09","date_gmt":"2025-01-22T06:43:09","guid":{"rendered":"https:\/\/www.egemtv.com\/?p=11328"},"modified":"2025-01-22T09:43:11","modified_gmt":"2025-01-22T06:43:11","slug":"milasta-eve-silahli-saldiri","status":"publish","type":"post","link":"https:\/\/www.egemtv.com\/?p=11328","title":{"rendered":"Milas\u2019ta eve silahl\u0131 sald\u0131r\u0131"},"content":{"rendered":"<p>Mu\u011fla\u2019n\u0131n Milas il\u00e7esinde motosikletli \u015f\u00fcpheliler taraf\u0131ndan bir eve silahl\u0131 sald\u0131r\u0131 d\u00fczenlendi.<\/p>\n<p>Olay, Mu\u011fla\u2019n\u0131n Milas il\u00e7esi, G\u00fcm\u00fc\u015fkesen Caddesi Begonvil Sokak Bo\u011fazkent mevkiinde meydana geldi. Edinilen bilgiye g\u00f6re, motosikletli \u015f\u00fcpheliler taraf\u0131ndan bir eve silahl\u0131 sald\u0131r\u0131 ger\u00e7ekle\u015ftirildi. Yap\u0131lan incelemelerde 11 el ate\u015f edildi\u011fi belirlenirken, kur\u015funlar\u0131n eve isabet etti\u011fi, olay s\u0131ras\u0131nda evde kimsenin bulunmad\u0131\u011f\u0131 \u00f6\u011frenildi. Yap\u0131lan ihbar\u0131n ard\u0131ndan olay yerine gelen polis ekipleri \u015f\u00fcphelileri yakalamak i\u00e7in \u00e7al\u0131\u015fma ba\u015flatt\u0131.<\/p>\n<p>Olayla ilgili soru\u015fturma s\u00fcr\u00fcyor.<br \/><\/p>\n","protected":false},"excerpt":{"rendered":"<p>Mu\u011fla\u2019n\u0131n Milas il\u00e7esinde motosikletli \u015f\u00fcpheliler taraf\u0131ndan bir eve silahl\u0131 sald\u0131r\u0131 d\u00fczenlendi. Olay, Mu\u011fla\u2019n\u0131n Milas il\u00e7esi, G\u00fcm\u00fc\u015fkesen Caddesi Begonvil Sokak Bo\u011fazkent mevkiinde meydana geldi. Edinilen bilgiye g\u00f6re, motosikletli \u015f\u00fcpheliler taraf\u0131ndan bir eve silahl\u0131 sald\u0131r\u0131 ger\u00e7ekle\u015ftirildi. Yap\u0131lan incelemelerde 11 el ate\u015f edildi\u011fi belirlenirken, kur\u015funlar\u0131n eve isabet etti\u011fi, olay s\u0131ras\u0131nda evde kimsenin bulunmad\u0131\u011f\u0131 \u00f6\u011frenildi. Yap\u0131lan ihbar\u0131n ard\u0131ndan olay&#8230;<\/p>\n","protected":false},"author":1,"featured_media":11329,"comment_status":"open","ping_status":"open","sticky":false,"template":"","format":"standard","meta":{"_crdt_document":"","footnotes":""},"categories":[5],"tags":[],"class_list":["post-11328","post","type-post","status-publish","format-standard","has-post-thumbnail","hentry","category-asayis"],"_links":{"self":[{"href":"https:\/\/www.egemtv.com\/index.php?rest_route=\/wp\/v2\/posts\/11328","targetHints":{"allow":["GET"]}}],"collection":[{"href":"https:\/\/www.egemtv.com\/index.php?rest_route=\/wp\/v2\/posts"}],"about":[{"href":"https:\/\/www.egemtv.com\/index.php?rest_route=\/wp\/v2\/types\/post"}],"author":[{"embeddable":true,"href":"https:\/\/www.egemtv.com\/index.php?rest_route=\/wp\/v2\/users\/1"}],"replies":[{"embeddable":true,"href":"https:\/\/www.egemtv.com\/index.php?rest_route=%2Fwp%2Fv2%2Fcomments&post=11328"}],"version-history":[{"count":1,"href":"https:\/\/www.egemtv.com\/index.php?rest_route=\/wp\/v2\/posts\/11328\/revisions"}],"predecessor-version":[{"id":11330,"href":"https:\/\/www.egemtv.com\/index.php?rest_route=\/wp\/v2\/posts\/11328\/revisions\/11330"}],"wp:featuredmedia":[{"embeddable":true,"href":"https:\/\/www.egemtv.com\/index.php?rest_route=\/wp\/v2\/media\/11329"}],"wp:attachment":[{"href":"https:\/\/www.egemtv.com\/index.php?rest_route=%2Fwp%2Fv2%2Fmedia&parent=11328"}],"wp:term":[{"taxonomy":"category","embeddable":true,"href":"https:\/\/www.egemtv.com\/index.php?rest_route=%2Fwp%2Fv2%2Fcategories&post=11328"},{"taxonomy":"post_tag","embeddable":true,"href":"https:\/\/www.egemtv.com\/index.php?rest_route=%2Fwp%2Fv2%2Ftags&post=11328"}],"curies":[{"name":"wp","href":"https:\/\/api.w.org\/{rel}","templated":true}]}}