{"id":11325,"date":"2025-01-22T09:40:39","date_gmt":"2025-01-22T06:40:39","guid":{"rendered":"https:\/\/www.egemtv.com\/?p=11325"},"modified":"2025-01-22T09:40:40","modified_gmt":"2025-01-22T06:40:40","slug":"lokantacilar-odasi-baskani-ucgul-seyyar-saticilara-yonelik-denetimler-arttirilsin","status":"publish","type":"post","link":"https:\/\/www.egemtv.com\/?p=11325","title":{"rendered":"Lokantac\u0131lar Odas\u0131 Ba\u015fkan\u0131 \u00dc\u00e7g\u00fcl; &#8220;Seyyar sat\u0131c\u0131lara y\u00f6nelik denetimler artt\u0131r\u0131ls\u0131n&#8221;"},"content":{"rendered":"<p>Denizli Lokantac\u0131lar Odas\u0131 Ba\u015fkan\u0131 Osman \u00dc\u00e7g\u00fcl,  Denizli\u2019deki seyyar sat\u0131c\u0131lar\u0131n denetlenmesi konusunda yetkili kurumlar\u0131 uyard\u0131. \u00dc\u00e7g\u00fcl, seyyar sat\u0131c\u0131lar\u0131n halk\u0131n sa\u011fl\u0131\u011f\u0131n\u0131 tehlikeye att\u0131\u011f\u0131n\u0131 ve ayn\u0131 zamanda ise kay\u0131tl\u0131 esnaf\u0131n da haks\u0131zl\u0131\u011fa u\u011frad\u0131\u011f\u0131n\u0131 belirtti.<\/p>\n<p>Denizli Lokantac\u0131lar Odas\u0131 Ba\u015fkan\u0131 Osman \u00dc\u00e7g\u00fcl, gece saatlerinde \u015fehrin \u00f6nemli caddelerinde kay\u0131t d\u0131\u015f\u0131 olarak \u00e7al\u0131\u015fan, hijyen kurallar\u0131na ve sa\u011fl\u0131k standartlar\u0131na uymadan faaliyet g\u00f6steren, ara\u00e7 i\u00e7inde olan yerlerde yemek yenilmemesini istedi.<\/p>\n<p>Bu yerlerin hem halk sa\u011fl\u0131\u011f\u0131n\u0131 tehlikeye atabilece\u011fini, hem de yasal d\u00fczenlemelere ayk\u0131r\u0131 oldu\u011funu belirten Osman \u00dc\u00e7g\u00fcl, bu nedenle, yetkili kurumlar\u0131n seyyar sat\u0131c\u0131lar \u00fczerinde daha s\u0131k\u0131 denetimler yapmas\u0131 gerekti\u011fini belirtti.  Ba\u015fkan \u00dc\u00e7g\u00fcl, ayr\u0131ca bu denetimlerin yaln\u0131zca halk sa\u011fl\u0131\u011f\u0131n\u0131 korumakla kalmay\u0131p, ayn\u0131 zamanda d\u00fczenli faaliyet g\u00f6steren i\u015fyerlerinin de haks\u0131z rekabetten korunmas\u0131na yard\u0131mc\u0131 olaca\u011f\u0131n\u0131 belirterek; \u201c\u015eehrimizin \u00f6nemli caddelerinde \u00f6zellikle ak\u015fam saatlerinde sa\u011fl\u0131ks\u0131z, hijyenden uzak \u015fekilde yemekler haz\u0131rlanmaktad\u0131r. Kay\u0131t d\u0131\u015f\u0131 olarak hizmet veren bu yerler de ya\u015fanacak olan bir zehirlenme gibi olaylara kar\u015f\u0131da tedbirler almal\u0131y\u0131z. Kay\u0131t d\u0131\u015f\u0131 oldu\u011fu i\u00e7in yeterli denetim olmamaktad\u0131r. Bu sebeple muhtemel bir zehirlenme veya \u00f6l\u00fcmle sonu\u00e7lanacak zehirlenmelerde, takdir edersiniz ki kay\u0131t d\u0131\u015f\u0131 olan ve denetim yap\u0131lmayan bir i\u015fletmeyi sorumlu tutmak daha zor olmaktad\u0131r. Bu sebeple \u00f6ncelikle vatanda\u015flar\u0131m\u0131za sesleniyoruz, bu tip yerlerden yemek yeme\u011fin, ayr\u0131ca bu i\u015fin hem vebal k\u0131sm\u0131 var, hem devlete kar\u015f\u0131 i\u015flenen su\u00e7 k\u0131sm\u0131 da var. Bir i\u015fletme vergi, Ba\u011f-Kur, SSK gibi bir\u00e7ok kuruma ba\u011fl\u0131 ve \u00f6deme yaparken, bu i\u015fletmeler kay\u0131t d\u0131\u015f\u0131 \u00e7al\u0131\u015fmakta ve vatanda\u015flar\u0131m\u0131zda bu su\u00e7a ortak olmaktad\u0131r.  Denetimler konusunda sorumlu kurum il m\u00fcd\u00fcrl\u00fcklerimiz, belediyelerimiz, kay\u0131t d\u0131\u015f\u0131 olarak, sa\u011fl\u0131ks\u0131z ortamlarda, bu i\u015fleri yapan ki\u015fileri denetlemeli ve cayd\u0131r\u0131c\u0131 tedbirler almal\u0131d\u0131r. Vatanda\u015flar\u0131m\u0131z\u0131n sa\u011fl\u0131\u011f\u0131n\u0131 hep birlikte korumal\u0131 ve k\u00f6t\u00fc olaylarla kar\u015f\u0131la\u015fmadan \u00f6nce \u00f6nlemlerimizi hep birlikte almal\u0131y\u0131z\u201d dedi.<br \/><\/p>\n","protected":false},"excerpt":{"rendered":"<p>Denizli Lokantac\u0131lar Odas\u0131 Ba\u015fkan\u0131 Osman \u00dc\u00e7g\u00fcl, Denizli\u2019deki seyyar sat\u0131c\u0131lar\u0131n denetlenmesi konusunda yetkili kurumlar\u0131 uyard\u0131. \u00dc\u00e7g\u00fcl, seyyar sat\u0131c\u0131lar\u0131n halk\u0131n sa\u011fl\u0131\u011f\u0131n\u0131 tehlikeye att\u0131\u011f\u0131n\u0131 ve ayn\u0131 zamanda ise kay\u0131tl\u0131 esnaf\u0131n da haks\u0131zl\u0131\u011fa u\u011frad\u0131\u011f\u0131n\u0131 belirtti. Denizli Lokantac\u0131lar Odas\u0131 Ba\u015fkan\u0131 Osman \u00dc\u00e7g\u00fcl, gece saatlerinde \u015fehrin \u00f6nemli caddelerinde kay\u0131t d\u0131\u015f\u0131 olarak \u00e7al\u0131\u015fan, hijyen kurallar\u0131na ve sa\u011fl\u0131k standartlar\u0131na uymadan faaliyet g\u00f6steren, ara\u00e7&#8230;<\/p>\n","protected":false},"author":1,"featured_media":11326,"comment_status":"open","ping_status":"open","sticky":false,"template":"","format":"standard","meta":{"_crdt_document":"","footnotes":""},"categories":[125],"tags":[],"class_list":["post-11325","post","type-post","status-publish","format-standard","has-post-thumbnail","hentry","category-ekonomi"],"_links":{"self":[{"href":"https:\/\/www.egemtv.com\/index.php?rest_route=\/wp\/v2\/posts\/11325","targetHints":{"allow":["GET"]}}],"collection":[{"href":"https:\/\/www.egemtv.com\/index.php?rest_route=\/wp\/v2\/posts"}],"about":[{"href":"https:\/\/www.egemtv.com\/index.php?rest_route=\/wp\/v2\/types\/post"}],"author":[{"embeddable":true,"href":"https:\/\/www.egemtv.com\/index.php?rest_route=\/wp\/v2\/users\/1"}],"replies":[{"embeddable":true,"href":"https:\/\/www.egemtv.com\/index.php?rest_route=%2Fwp%2Fv2%2Fcomments&post=11325"}],"version-history":[{"count":1,"href":"https:\/\/www.egemtv.com\/index.php?rest_route=\/wp\/v2\/posts\/11325\/revisions"}],"predecessor-version":[{"id":11327,"href":"https:\/\/www.egemtv.com\/index.php?rest_route=\/wp\/v2\/posts\/11325\/revisions\/11327"}],"wp:featuredmedia":[{"embeddable":true,"href":"https:\/\/www.egemtv.com\/index.php?rest_route=\/wp\/v2\/media\/11326"}],"wp:attachment":[{"href":"https:\/\/www.egemtv.com\/index.php?rest_route=%2Fwp%2Fv2%2Fmedia&parent=11325"}],"wp:term":[{"taxonomy":"category","embeddable":true,"href":"https:\/\/www.egemtv.com\/index.php?rest_route=%2Fwp%2Fv2%2Fcategories&post=11325"},{"taxonomy":"post_tag","embeddable":true,"href":"https:\/\/www.egemtv.com\/index.php?rest_route=%2Fwp%2Fv2%2Ftags&post=11325"}],"curies":[{"name":"wp","href":"https:\/\/api.w.org\/{rel}","templated":true}]}}