{"id":11322,"date":"2025-01-22T09:40:36","date_gmt":"2025-01-22T06:40:36","guid":{"rendered":"https:\/\/www.egemtv.com\/?p=11322"},"modified":"2025-01-22T09:40:38","modified_gmt":"2025-01-22T06:40:38","slug":"ogrencilerden-yapay-zeka-destekli-fantastik-oyuncaklar","status":"publish","type":"post","link":"https:\/\/www.egemtv.com\/?p=11322","title":{"rendered":"\u00d6\u011frencilerden yapay zeka destekli fantastik oyuncaklar"},"content":{"rendered":"<p>Ya\u015far \u00dcniversitesi End\u00fcstriyel Tasar\u0131m B\u00f6l\u00fcm\u00fc \u00f6\u011frencileri \u2019Deneysel Tasar\u0131m\u2019 dersi kapsam\u0131nda \u00fcretici yapay zekay\u0131 kullanarak fantastik evrenler ve o evrenlerde ya\u015fayan karakterler tasarlay\u0131p \u00fc\u00e7 boyutlu bask\u0131yla oyuncaklar \u00fcretti.<br \/>\n<br \/>Ge\u00e7ti\u011fimiz y\u0131l May\u0131s ay\u0131nda ilki d\u00fczenlenen &#8220;Plastik Fanteziler 2: Yapay Zeka \u00dcretimli Tasar\u0131mc\u0131 Oyuncaklar\u0131&#8221; sergisinde bu defa izleyicilere yapay zeka destekli \u00fcretim s\u00fcrecinin ve art\u0131r\u0131lm\u0131\u015f ger\u00e7eklik deneyiminin birle\u015fimini \u00f6rnekleyen eserler sunuldu.<br \/>\n<br \/>Ya\u015far \u00dcniversitesi Sanat ve Tasar\u0131m Fak\u00fcltesi End\u00fcstriyel Tasar\u0131m B\u00f6l\u00fcm\u00fc lisans se\u00e7meli derslerinden biri olan Deneysel Tasar\u0131m dersinde \u00f6\u011frenciler, yapay zekay\u0131 s\u00fcrece dahil ederek tasar\u0131mc\u0131 oyuncaklar\u0131 tasarlad\u0131lar. Sergide, 3 boyutlu bask\u0131 teknolojisiyle \u00fcretilmi\u015f fiziksel tasar\u0131mc\u0131 oyuncaklar\u0131 ile art\u0131r\u0131lm\u0131\u015f ger\u00e7eklik ortam\u0131nda modellenmi\u015f dijital tasar\u0131mlar bir arada sergilendi. Ziyaret\u00e7iler, ak\u0131ll\u0131 cihazlar yard\u0131m\u0131yla bu dijital prototipleri deneyimlerken, sunulan fiziksel ve dijital modeller aras\u0131nda ge\u00e7i\u015fler yaparak farkl\u0131 ger\u00e7eklik katmanlar\u0131n\u0131 g\u00f6zlemleme imkan\u0131 buldu.<\/p>\n<p>Fantastik evren ve karakterler<br \/>\n<br \/>Proje ile ilgili bilgi veren End\u00fcstriyel Tasar\u0131m B\u00f6l\u00fcm\u00fc Dr. \u00d6\u011fr. \u00dcyesi Sevi Merter, \u201c\u00d6\u011frenci gruplar\u0131 s\u00fcre\u00e7 boyunca, yapay zeka deste\u011fiyle evrenler ve karakterler olu\u015fturdu. Elde ettikleri iki boyutlu g\u00f6rsellerin \u00fc\u00e7 boyutlu yaz\u0131c\u0131 ile \u00fcretmek \u00fczere CAD modellerini haz\u0131rlad\u0131lar ve bu modellerin fiziksel prototiplerini \u00fcrettiler. E\u015f zamanl\u0131 olarak, yapay zekada olu\u015fturduklar\u0131 iki boyutlu g\u00f6rseller ve olu\u015fturduklar\u0131 CAD modeller ile art\u0131r\u0131lm\u0131\u015f ger\u00e7eklik teknolojisini kullanarak dijital prototiplerini \u00fcrettiler. Olduk\u00e7a verimli ve keyifli bir s\u00fcre\u00e7 oldu\u201d dedi.<br \/>\n<br \/>End\u00fcstriyel Tasar\u0131m B\u00f6l\u00fcm\u00fc\u2019n\u00fcn ID4480 Deneysel Tasar\u0131m dersi kapsam\u0131nda Dr. \u00d6\u011fr. \u00dcyesi Sevi Merter ve Ara\u015f. G\u00f6r. Atabey G\u00fcne\u00e7 taraf\u0131ndan y\u00fcr\u00fct\u00fclen bu \u00f6\u011frenci projesi, tasar\u0131m s\u00fcrecinde yapay zeka-fiziksel \u00fcr\u00fcn ili\u015fkisi ile yapay zeka-dijital \u00fcr\u00fcn ili\u015fkisini kar\u015f\u0131la\u015ft\u0131rmal\u0131 olarak incelemek amac\u0131yla, 15 Kas\u0131m 2024 tarihinde ba\u015flayan \u201c\u00dcretken Yapay Zeka Ara\u00e7lar\u0131n\u0131n End\u00fcstriyel Tasar\u0131m S\u00fcrecine Entegrasyonu\u201d ba\u015fl\u0131kl\u0131 BAP projesinin ilk a\u015famas\u0131 olarak kurguland\u0131.<\/p>\n<p>Sergide yer alan projeler ve projede yer alan \u00f6\u011frenciler:<br \/>\n<br \/>Phobiaverse: Mustafa Yi\u011fit Aksu, Dilara Topcu, Damla G\u00fcneri, R\u0131dvan Kaan Mutlu, Se\u00e7il Karaorman<br \/>\n<br \/>Mistlands: Tankut \u00c7eki\u00e7, Simay Y\u0131lmaz, Nil \u00d6zt\u00fcrk, Do\u011fa T\u00fcrkkolu<br \/>\n<br \/>Candyland: Bilge Deniz Demir, Deniz Sona Topkoru, Defne Nalbanto\u011flu, G\u00fclse Tetik, Melisa \u00c7al\u0131\u015fkan<br \/>\n<br \/>Bound Horizons: Atilla \u00c7a\u011flayan, Ege Faydac\u0131, Efe \u00d6z\u00e7ekici, Ali Erg\u00fcn Yeke, Emre Gerid\u00f6nmez<br \/>\n<br \/>Waves of Adaption: Defne Topg\u00fcner, Beg\u00fcm Erdo\u011fan, Bahar K\u0131nay, G\u00f6k\u00e7enaz Tu\u011fsal<br \/><\/p>\n","protected":false},"excerpt":{"rendered":"<p>Ya\u015far \u00dcniversitesi End\u00fcstriyel Tasar\u0131m B\u00f6l\u00fcm\u00fc \u00f6\u011frencileri \u2019Deneysel Tasar\u0131m\u2019 dersi kapsam\u0131nda \u00fcretici yapay zekay\u0131 kullanarak fantastik evrenler ve o evrenlerde ya\u015fayan karakterler tasarlay\u0131p \u00fc\u00e7 boyutlu bask\u0131yla oyuncaklar \u00fcretti. Ge\u00e7ti\u011fimiz y\u0131l May\u0131s ay\u0131nda ilki d\u00fczenlenen &#8220;Plastik Fanteziler 2: Yapay Zeka \u00dcretimli Tasar\u0131mc\u0131 Oyuncaklar\u0131&#8221; sergisinde bu defa izleyicilere yapay zeka destekli \u00fcretim s\u00fcrecinin ve art\u0131r\u0131lm\u0131\u015f ger\u00e7eklik deneyiminin birle\u015fimini&#8230;<\/p>\n","protected":false},"author":1,"featured_media":11323,"comment_status":"open","ping_status":"open","sticky":false,"template":"","format":"standard","meta":{"_crdt_document":"","footnotes":""},"categories":[1],"tags":[],"class_list":["post-11322","post","type-post","status-publish","format-standard","has-post-thumbnail","hentry","category-guncel"],"_links":{"self":[{"href":"https:\/\/www.egemtv.com\/index.php?rest_route=\/wp\/v2\/posts\/11322","targetHints":{"allow":["GET"]}}],"collection":[{"href":"https:\/\/www.egemtv.com\/index.php?rest_route=\/wp\/v2\/posts"}],"about":[{"href":"https:\/\/www.egemtv.com\/index.php?rest_route=\/wp\/v2\/types\/post"}],"author":[{"embeddable":true,"href":"https:\/\/www.egemtv.com\/index.php?rest_route=\/wp\/v2\/users\/1"}],"replies":[{"embeddable":true,"href":"https:\/\/www.egemtv.com\/index.php?rest_route=%2Fwp%2Fv2%2Fcomments&post=11322"}],"version-history":[{"count":1,"href":"https:\/\/www.egemtv.com\/index.php?rest_route=\/wp\/v2\/posts\/11322\/revisions"}],"predecessor-version":[{"id":11324,"href":"https:\/\/www.egemtv.com\/index.php?rest_route=\/wp\/v2\/posts\/11322\/revisions\/11324"}],"wp:featuredmedia":[{"embeddable":true,"href":"https:\/\/www.egemtv.com\/index.php?rest_route=\/wp\/v2\/media\/11323"}],"wp:attachment":[{"href":"https:\/\/www.egemtv.com\/index.php?rest_route=%2Fwp%2Fv2%2Fmedia&parent=11322"}],"wp:term":[{"taxonomy":"category","embeddable":true,"href":"https:\/\/www.egemtv.com\/index.php?rest_route=%2Fwp%2Fv2%2Fcategories&post=11322"},{"taxonomy":"post_tag","embeddable":true,"href":"https:\/\/www.egemtv.com\/index.php?rest_route=%2Fwp%2Fv2%2Ftags&post=11322"}],"curies":[{"name":"wp","href":"https:\/\/api.w.org\/{rel}","templated":true}]}}