{"id":11319,"date":"2025-01-22T09:33:57","date_gmt":"2025-01-22T06:33:57","guid":{"rendered":"https:\/\/www.egemtv.com\/?p=11319"},"modified":"2025-01-22T09:33:58","modified_gmt":"2025-01-22T06:33:58","slug":"egiadin-yeni-baskani-ozhelvaci-ve-ekibi-goreve-basladi","status":"publish","type":"post","link":"https:\/\/www.egemtv.com\/?p=11319","title":{"rendered":"EG\u0130AD\u2019\u0131n yeni ba\u015fkan\u0131 \u00d6zhelvac\u0131 ve ekibi g\u00f6reve ba\u015flad\u0131"},"content":{"rendered":"<p>Ege Gen\u00e7 \u0130\u015f \u0130nsanlar\u0131 Derne\u011fi (EG\u0130AD) ola\u011fan genel kurulunda 18\u2019inci d\u00f6nem ba\u015fkan\u0131 se\u00e7ilen M. Kaan \u00d6zhelvac\u0131, d\u00fczenlenen devir teslim t\u00f6reninde g\u00f6revi 17. d\u00f6nem y\u00f6netim kurulu ba\u015fkan\u0131 Alp Avni Yelkenbi\u00e7er\u2019den devrald\u0131. 17. d\u00f6nem y\u00f6netim kurulu \u00fcyeleri, EG\u0130AD Melekleri \u0130cra Kurulu ile yay\u0131n kurulu \u00fcyelerine te\u015fekk\u00fcr plaketinin de takdim edildi\u011fi t\u00f6rende duygu dolu anlar ya\u015fand\u0131.<br \/>\n<br \/>EG\u0130AD merkezinde d\u00fczenlenen t\u00f6rende, 17. d\u00f6nem ba\u015fkan\u0131 Alp Avni Yelkenbi\u00e7er g\u00f6revini yeni ba\u015fkan M. Kaan \u00d6zhelvac\u0131\u2019ya devretti. Yeni d\u00f6nemde y\u00f6netim kurulunda yer almam\u0131\u015f olan \u00fcyelerle duygu dolu anlar ya\u015fand\u0131. 17. d\u00f6nem y\u00f6netim kurulu \u00fcyeleri, EG\u0130AD Melekleri \u0130cra Kurulu ve yay\u0131n kurulu \u00fcyelerine te\u015fekk\u00fcr plaketleri takdim edildi. Derne\u011fin bug\u00fcnlere gelmesinde eme\u011fi ge\u00e7en herkese te\u015fekk\u00fcr edildi. T\u00f6renin ard\u0131ndan ger\u00e7ekle\u015fen ilk y\u00f6netim kurulu toplant\u0131s\u0131nda g\u00f6rev da\u011f\u0131l\u0131m\u0131 yap\u0131ld\u0131.<\/p>\n<p>&#8220;EG\u0130AD benim ailem&#8221;<br \/>\n<br \/>EG\u0130AD gelene\u011fi olarak kuruldu\u011fu g\u00fcnden buyana s\u00fcregelen EG\u0130AD bayra\u011f\u0131n\u0131n temsili olarak de\u011fi\u015fimi yap\u0131ld\u0131. EG\u0130AD 17. D\u00f6nem Ba\u015fkan\u0131 Alp Avni Yelkenbi\u00e7er, ege b\u00f6lgesinin ekonomik ve sosyal kalk\u0131nmas\u0131na katk\u0131 sa\u011flama hedefiyle y\u00fcr\u00fctt\u00fc\u011f\u00fc \u00e7al\u0131\u015fmalarda; EG\u0130AD y\u00f6netiminin ve \u00fcyelerin deste\u011fini, g\u00fcc\u00fcn\u00fc her zaman yan\u0131nda hissetti\u011fini belirterek, EG\u0130AD ailesinin bir par\u00e7as\u0131 olmaktan duydu\u011fu gururu dile getirdi. Yelkenbi\u00e7er, &#8220;Ege b\u00f6lgesinin ekonomik ve sosyal kalk\u0131nmas\u0131 i\u00e7in y\u00fcr\u00fctt\u00fc\u011f\u00fcm\u00fcz \u00e7al\u0131\u015fmalar boyunca, deste\u011finizi her zaman yan\u0131mda hissettim. EG\u0130AD benim i\u00e7in bir aile ve hep \u00f6yle kalacak. Yeni y\u00f6netim kurulunun ihtiya\u00e7 duydu\u011fu her an yan\u0131nda olaca\u011f\u0131m. Birlikte ge\u00e7irdi\u011fimiz d\u00f6nemde, ortak hedeflerimiz do\u011frultusunda anlaml\u0131 ad\u0131mlar atmak benim i\u00e7in b\u00fcy\u00fck bir onurdu. Sizlerin liderli\u011finde y\u00fcr\u00fct\u00fclecek ba\u015far\u0131l\u0131 \u00e7al\u0131\u015fmalara destek vermek benim i\u00e7in her zaman bir gurur kayna\u011f\u0131 olacakt\u0131r. EG\u0130AD ailesine verdi\u011fim bu s\u00f6z, her zaman yan\u0131n\u0131zda olaca\u011f\u0131m anlam\u0131n\u0131 ta\u015f\u0131yor.\u201d dedi.<\/p>\n<p>Gen\u00e7li\u011fin dinamizmi ve giri\u015fimci ruhu EG\u0130AD\u2019da<br \/>\n<br \/>Yeni ba\u015fkan M. Kaan \u00d6zhelvac\u0131 ise, EG\u0130AD\u2019\u0131n enerjik ve yenilik\u00e7i vizyonunu daha da ileriye ta\u015f\u0131ma hedefini vurgulayarak, \u015fu ifadeleri kulland\u0131: \u201cGen\u00e7li\u011fin potansiyelini b\u00f6lgesel ve ulusal ekonomimize daha g\u00fc\u00e7l\u00fc bir \u015fekilde yans\u0131tmak, inovasyonun ve s\u00fcrd\u00fcr\u00fclebilir kalk\u0131nman\u0131n \u00f6nc\u00fcs\u00fc olmak i\u00e7in var g\u00fcc\u00fcm\u00fczle \u00e7al\u0131\u015faca\u011f\u0131z. EG\u0130AD, benim i\u00e7in sadece bir sorumluluk de\u011fil, ayn\u0131 zamanda bir tutku. Zorlu bir s\u00fcrecin beni bekledi\u011fini bilerek bu g\u00f6reve talip oldum. Zorlu bir yol olsa da EG\u0130AD benim \u00f6nceli\u011fimdir. G\u00f6revimiz boyunca, toplumumuza, \u00fcyelerimize ve \u00fclkemize fayda yaratacak projeler \u00fcretmeye devam edece\u011fiz. Bu yolculukta dayan\u0131\u015fma ve birliktelik bizim en b\u00fcy\u00fck g\u00fcc\u00fcm\u00fcz olacak. \u00dcyelerimizle birlikte y\u00fcr\u00fctece\u011fimiz projelerle hem ekonomik hem de toplumsal fayda sa\u011flamaya y\u00f6nelik anlaml\u0131 ad\u0131mlar ataca\u011f\u0131z. EG\u0130AD ailesinin bir par\u00e7as\u0131 olmaktan gurur duyuyorum ve bu d\u00f6nemi en verimli \u015fekilde de\u011ferlendirece\u011fimize inan\u0131yorum.\u201d<br \/>\n<br \/>Devir teslim sonras\u0131nda ger\u00e7ekle\u015fen ilk y\u00f6netim kurulu toplant\u0131s\u0131nda g\u00f6rev da\u011f\u0131l\u0131m\u0131 g\u00f6r\u00fc\u015f\u00fcld\u00fc. Buna g\u00f6re; y\u00f6netim kurulu ba\u015fkanl\u0131\u011f\u0131na Muhlis Kaan \u00d6zhelvac\u0131, ba\u015fkan vekilliklerine Arda Y\u0131lmaz, Mert Hac\u0131raifo\u011flu, \u0130lker Erdiliball\u0131 ve Ya\u011fmur Yarol, y\u00f6netim kurulu sekreterli\u011fine Cem Elmaso\u011flu, sekreter yard\u0131mc\u0131l\u0131\u011f\u0131na Burak G\u00fcng\u00f6r, saymanl\u0131\u011fa A\u00e7elya Ba\u00e7 U\u00e7ar, sayman yard\u0131mc\u0131l\u0131\u011f\u0131na Mustafa G\u00fcres, y\u00f6netim kurulu \u00fcyeliklerine Elif K\u00e2ya, Hakan Barbak, Rahmi \u00d6z\u0131\u015f\u0131k, Yaman Duman, Alp \u00c7andarl\u0131, Asl\u0131 G\u00fcven \u015eahin, Ya\u011f\u0131z Serter, Alp Atay, Efe Sayg\u0131l\u0131, Hasan G\u00fcler, H\u00fcseyin Kad\u0131o\u011flu, Nail \u00d6zkarde\u015f, \u00d6zlem Talak Kara, Rebia Rezzan \u00d6zduran G\u00f6lc\u00fckl\u00fc, Remzi Uslu, Selen G\u00fcnayd\u0131n, Simge Bilir Kurt getirildi.<br \/><\/p>\n","protected":false},"excerpt":{"rendered":"<p>Ege Gen\u00e7 \u0130\u015f \u0130nsanlar\u0131 Derne\u011fi (EG\u0130AD) ola\u011fan genel kurulunda 18\u2019inci d\u00f6nem ba\u015fkan\u0131 se\u00e7ilen M. Kaan \u00d6zhelvac\u0131, d\u00fczenlenen devir teslim t\u00f6reninde g\u00f6revi 17. d\u00f6nem y\u00f6netim kurulu ba\u015fkan\u0131 Alp Avni Yelkenbi\u00e7er\u2019den devrald\u0131. 17. d\u00f6nem y\u00f6netim kurulu \u00fcyeleri, EG\u0130AD Melekleri \u0130cra Kurulu ile yay\u0131n kurulu \u00fcyelerine te\u015fekk\u00fcr plaketinin de takdim edildi\u011fi t\u00f6rende duygu dolu anlar ya\u015fand\u0131. EG\u0130AD merkezinde&#8230;<\/p>\n","protected":false},"author":1,"featured_media":11320,"comment_status":"open","ping_status":"open","sticky":false,"template":"","format":"standard","meta":{"_crdt_document":"","footnotes":""},"categories":[125],"tags":[],"class_list":["post-11319","post","type-post","status-publish","format-standard","has-post-thumbnail","hentry","category-ekonomi"],"_links":{"self":[{"href":"https:\/\/www.egemtv.com\/index.php?rest_route=\/wp\/v2\/posts\/11319","targetHints":{"allow":["GET"]}}],"collection":[{"href":"https:\/\/www.egemtv.com\/index.php?rest_route=\/wp\/v2\/posts"}],"about":[{"href":"https:\/\/www.egemtv.com\/index.php?rest_route=\/wp\/v2\/types\/post"}],"author":[{"embeddable":true,"href":"https:\/\/www.egemtv.com\/index.php?rest_route=\/wp\/v2\/users\/1"}],"replies":[{"embeddable":true,"href":"https:\/\/www.egemtv.com\/index.php?rest_route=%2Fwp%2Fv2%2Fcomments&post=11319"}],"version-history":[{"count":1,"href":"https:\/\/www.egemtv.com\/index.php?rest_route=\/wp\/v2\/posts\/11319\/revisions"}],"predecessor-version":[{"id":11321,"href":"https:\/\/www.egemtv.com\/index.php?rest_route=\/wp\/v2\/posts\/11319\/revisions\/11321"}],"wp:featuredmedia":[{"embeddable":true,"href":"https:\/\/www.egemtv.com\/index.php?rest_route=\/wp\/v2\/media\/11320"}],"wp:attachment":[{"href":"https:\/\/www.egemtv.com\/index.php?rest_route=%2Fwp%2Fv2%2Fmedia&parent=11319"}],"wp:term":[{"taxonomy":"category","embeddable":true,"href":"https:\/\/www.egemtv.com\/index.php?rest_route=%2Fwp%2Fv2%2Fcategories&post=11319"},{"taxonomy":"post_tag","embeddable":true,"href":"https:\/\/www.egemtv.com\/index.php?rest_route=%2Fwp%2Fv2%2Ftags&post=11319"}],"curies":[{"name":"wp","href":"https:\/\/api.w.org\/{rel}","templated":true}]}}