{"id":11316,"date":"2025-01-22T09:28:25","date_gmt":"2025-01-22T06:28:25","guid":{"rendered":"https:\/\/www.egemtv.com\/?p=11316"},"modified":"2025-01-22T09:28:27","modified_gmt":"2025-01-22T06:28:27","slug":"polisten-kacan-suphelilerin-aracinda-uyusturucu-cikti","status":"publish","type":"post","link":"https:\/\/www.egemtv.com\/?p=11316","title":{"rendered":"Polisten ka\u00e7an \u015f\u00fcphelilerin arac\u0131nda uyu\u015fturucu \u00e7\u0131kt\u0131"},"content":{"rendered":"<p>Mu\u011fla\u2019n\u0131n Mente\u015fe il\u00e7esinde polisten ka\u00e7an \u015f\u00fcphelilerin arac\u0131ndan uyu\u015fturucu madde ele ge\u00e7irildi.<\/p>\n<p>Edinilen bilgiye g\u00f6re, Mente\u015fe\u2019de Yunus ekiplerinin yapt\u0131\u011f\u0131 uygulamadan ka\u00e7an 48 ASP 731 plakal\u0131 otomobil s\u00fcr\u00fcc\u00fcs\u00fc, K\u00f6tekli birinci \u00e7\u0131k\u0131\u015fta yakaland\u0131. Ara\u00e7ta az miktarda uyu\u015fturucu yakaland\u0131. Ara\u00e7taki \u0130ki \u015f\u00fcpheli \u015fah\u0131s gerekli i\u015flemler i\u00e7in karakola sevk edildi.<\/p>\n<p>Olayla ilgili soru\u015fturma s\u00fcr\u00fcyor.<br \/><\/p>\n","protected":false},"excerpt":{"rendered":"<p>Mu\u011fla\u2019n\u0131n Mente\u015fe il\u00e7esinde polisten ka\u00e7an \u015f\u00fcphelilerin arac\u0131ndan uyu\u015fturucu madde ele ge\u00e7irildi. Edinilen bilgiye g\u00f6re, Mente\u015fe\u2019de Yunus ekiplerinin yapt\u0131\u011f\u0131 uygulamadan ka\u00e7an 48 ASP 731 plakal\u0131 otomobil s\u00fcr\u00fcc\u00fcs\u00fc, K\u00f6tekli birinci \u00e7\u0131k\u0131\u015fta yakaland\u0131. Ara\u00e7ta az miktarda uyu\u015fturucu yakaland\u0131. Ara\u00e7taki \u0130ki \u015f\u00fcpheli \u015fah\u0131s gerekli i\u015flemler i\u00e7in karakola sevk edildi. Olayla ilgili soru\u015fturma s\u00fcr\u00fcyor.<\/p>\n","protected":false},"author":1,"featured_media":11317,"comment_status":"open","ping_status":"open","sticky":false,"template":"","format":"standard","meta":{"_crdt_document":"","footnotes":""},"categories":[5],"tags":[],"class_list":["post-11316","post","type-post","status-publish","format-standard","has-post-thumbnail","hentry","category-asayis"],"_links":{"self":[{"href":"https:\/\/www.egemtv.com\/index.php?rest_route=\/wp\/v2\/posts\/11316","targetHints":{"allow":["GET"]}}],"collection":[{"href":"https:\/\/www.egemtv.com\/index.php?rest_route=\/wp\/v2\/posts"}],"about":[{"href":"https:\/\/www.egemtv.com\/index.php?rest_route=\/wp\/v2\/types\/post"}],"author":[{"embeddable":true,"href":"https:\/\/www.egemtv.com\/index.php?rest_route=\/wp\/v2\/users\/1"}],"replies":[{"embeddable":true,"href":"https:\/\/www.egemtv.com\/index.php?rest_route=%2Fwp%2Fv2%2Fcomments&post=11316"}],"version-history":[{"count":1,"href":"https:\/\/www.egemtv.com\/index.php?rest_route=\/wp\/v2\/posts\/11316\/revisions"}],"predecessor-version":[{"id":11318,"href":"https:\/\/www.egemtv.com\/index.php?rest_route=\/wp\/v2\/posts\/11316\/revisions\/11318"}],"wp:featuredmedia":[{"embeddable":true,"href":"https:\/\/www.egemtv.com\/index.php?rest_route=\/wp\/v2\/media\/11317"}],"wp:attachment":[{"href":"https:\/\/www.egemtv.com\/index.php?rest_route=%2Fwp%2Fv2%2Fmedia&parent=11316"}],"wp:term":[{"taxonomy":"category","embeddable":true,"href":"https:\/\/www.egemtv.com\/index.php?rest_route=%2Fwp%2Fv2%2Fcategories&post=11316"},{"taxonomy":"post_tag","embeddable":true,"href":"https:\/\/www.egemtv.com\/index.php?rest_route=%2Fwp%2Fv2%2Ftags&post=11316"}],"curies":[{"name":"wp","href":"https:\/\/api.w.org\/{rel}","templated":true}]}}