{"id":11313,"date":"2025-01-22T09:28:23","date_gmt":"2025-01-22T06:28:23","guid":{"rendered":"https:\/\/www.egemtv.com\/?p=11313"},"modified":"2025-01-22T09:28:25","modified_gmt":"2025-01-22T06:28:25","slug":"goller-yoresindeki-su-kusu-sayimlari-ekosistem-degisimlerini-aydinlatiyor","status":"publish","type":"post","link":"https:\/\/www.egemtv.com\/?p=11313","title":{"rendered":"G\u00f6ller Y\u00f6resi\u2019ndeki su ku\u015fu say\u0131mlar\u0131 ekosistem de\u011fi\u015fimlerini ayd\u0131nlat\u0131yor"},"content":{"rendered":"<p>Do\u011fa Koruma ve Milli Parklar (DKMP) Genel M\u00fcd\u00fcrl\u00fc\u011f\u00fc taraf\u0131ndan her y\u0131l d\u00fczenli olarak ger\u00e7ekle\u015ftirilen k\u0131\u015f ortas\u0131 su ku\u015fu say\u0131mlar\u0131, sulak alan ekosistemlerindeki de\u011fi\u015fimleri ve su ku\u015fu pop\u00fclasyonlar\u0131n\u0131 izlemek i\u00e7in kritik bir rol oynuyor. Ancak iklim de\u011fi\u015fikli\u011fi ve kurakl\u0131k, \u00f6zellikle Burdur G\u00f6l\u00fc gibi alanlarda ku\u015f pop\u00fclasyonlar\u0131nda dramatik d\u00fc\u015f\u00fc\u015flere neden oluyor.<br \/>\n<br \/>Do\u011fa Koruma ve Milli Parklar Genel M\u00fcd\u00fcrl\u00fc\u011f\u00fc, ilgili kanun ve y\u00f6netmelikler \u00e7er\u00e7evesinde su ku\u015flar\u0131n\u0131n envanterine y\u00f6nelik olarak, su ku\u015flar\u0131 i\u00e7in \u00f6nem arz eden alanlarda her y\u0131l 15 Ocak-15 \u015eubat tarihleri aras\u0131nda say\u0131m ger\u00e7ekle\u015ftiriyor. Bu tarihler, su ku\u015flar\u0131n\u0131n mevsimsel g\u00f6\u00e7 hareketlerinin en az oldu\u011fu zamanlar olmas\u0131 ve sulak alanlarda k\u00fcmelenmeleri nedeniyle tercih ediliyor.<br \/>\n<br \/>Su ku\u015fu pop\u00fclasyonlar\u0131n\u0131n ve sulak alan ekosistemlerindeki de\u011fi\u015fimlerin izlenebilmesi i\u00e7in kullan\u0131lan temel y\u00f6ntemlerden biri olan say\u0131mlar, uzun d\u00f6nemli bak\u0131\u015f a\u00e7\u0131s\u0131n\u0131n olu\u015fmas\u0131nda etken rol oynuyor. Ayn\u0131 alanlarda ayn\u0131 noktalardan yap\u0131lan standart say\u0131mlar, uzun d\u00f6nemde pop\u00fclasyon trendlerinin analiz edilmesinde fayda sa\u011fl\u0131yor.<br \/>\n<br \/>G\u00f6ller Y\u00f6resi olarak bilinen Burdur, Isparta, Konya ve Antalya\u2019da bulunan g\u00f6llerde ve sulak alanlarda say\u0131m \u00e7al\u0131\u015fmas\u0131 yapan Do\u011fa Koruma ve Milli Parklar Burdur 6. B\u00f6lge M\u00fcd\u00fcrl\u00fc\u011f\u00fc ekipleri, su ku\u015fu say\u0131m \u00e7al\u0131\u015fmalar\u0131n\u0131n \u00fc\u00e7\u00fcnc\u00fc g\u00fcn\u00fcnde Burdur G\u00f6l\u00fc\u2019ndeydi. Sabah\u0131n erken saatlerinden itibaren \u00e7al\u0131\u015fmaya ba\u015flayan ekipler; Burdur G\u00f6l\u00fc\u2019nde bulunan Suna, fiyu, elmaba\u015f patka, ye\u015filba\u015f, sakar meke, k\u0131z\u0131l \u015fahin, Macar \u00f6rde\u011fi, g\u00fcvercin gibi ku\u015flar\u0131 tek tek inceleyerek not ettiler.<br \/>\n<br \/>Su ku\u015flar\u0131n\u0131n ya\u015fam alanlar\u0131ndaki beslenme alanlar\u0131n\u0131 g\u00f6r\u00fcnt\u00fcleyen Do\u011fa Koruma ve Milli Parklar 6. B\u00f6lge M\u00fcd\u00fcrl\u00fc\u011f\u00fc Avc\u0131l\u0131k ve Yaban Hayat\u0131 \u015eube M\u00fcd\u00fcr\u00fc Tamer Y\u0131lmaz, say\u0131m \u00e7al\u0131\u015fmalar\u0131 ile ilgili yapt\u0131\u011f\u0131 a\u00e7\u0131klamada, \u201cHer y\u0131l oldu\u011fu gibi yine bu sene de 2025 y\u0131l\u0131 k\u0131\u015f ortas\u0131 su ku\u015fu say\u0131mlar\u0131m\u0131za ba\u015flad\u0131k. 18 Ocak tarihinde Bey\u015fehir G\u00f6l\u00fc say\u0131m\u0131 ile ba\u015flad\u0131k ve bug\u00fcn burada Burdur G\u00f6l\u00fc\u2019nde say\u0131m\u0131 devam ettiriyoruz. \u0130lk g\u00fcn Bey\u015fehir G\u00f6l\u00fc\u2019nde say\u0131ma kalabal\u0131k bir ekiple ba\u015flad\u0131k ama yo\u011fun sis nedeniyle Bey\u015fehir G\u00f6l\u00fc say\u0131m\u0131z yar\u0131da kald\u0131 ve onu ileri bir tarihe ertelemek durumunda kald\u0131k. Bug\u00fcn burada Burdur G\u00f6l\u00fc say\u0131m\u0131 ve akabinde Salda G\u00f6l\u00fc ile devam edece\u011fiz.<br \/>\n<br \/>Say\u0131mlar\u0131 Do\u011fa Koruma ve Milli Parklar b\u00f6lge m\u00fcd\u00fcrl\u00fckleri koordinasyonunda ger\u00e7ekle\u015ftiriyoruz. \u0130lk g\u00fcn 8. B\u00f6lge M\u00fcd\u00fcrl\u00fc\u011f\u00fc ve 6. B\u00f6lge M\u00fcd\u00fcrl\u00fc\u011f\u00fc birlikte ortak alanda ba\u015flad\u0131k say\u0131ma. Bu say\u0131mlar Avc\u0131l\u0131k ve Yaban Hayat\u0131 \u015eube M\u00fcd\u00fcrl\u00fckleri koordinasyonunda oluyor ve il m\u00fcd\u00fcrl\u00fcklerinden bu konuda deneyimli personeller, teknik personeller bunun yan\u0131nda \u00fcniversiteler kat\u0131l\u0131m sa\u011fl\u0131yor. Ayr\u0131ca g\u00f6n\u00fcll\u00fc kurulu\u015flardan bu konuda deneyimli g\u00f6n\u00fcll\u00fc ku\u015f g\u00f6zlemcileri say\u0131mlara kat\u0131ld\u0131\u011f\u0131ndan kalabal\u0131k bir ekiple say\u0131mlar\u0131m\u0131z\u0131 s\u00fcrd\u00fcrmekteyiz&#8221; dedi.<br \/>\n<br \/>6. B\u00f6lge M\u00fcd\u00fcrl\u00fc\u011f\u00fc olarak sorumluluk alanlar\u0131ndaki sulak alanlarda say\u0131mlar\u0131n\u0131 ger\u00e7ekle\u015ftirdiklerini belirten Y\u0131lmaz, \u201cIsparta\u2019da bulunan E\u011firdir G\u00f6l\u00fc, Kovada G\u00f6l\u00fc alanlar\u0131n\u0131n say\u0131mlar\u0131n\u0131 ger\u00e7ekle\u015ftirdik. D\u00fcn Burdur\u2019daki sulak alanlardan olan G\u00f6lhisar G\u00f6l\u00fc, Yaprakl\u0131 Baraj\u0131 ve Yaz\u0131r G\u00f6l\u00fc ile Ye\u015filova il\u00e7esindeki Yar\u0131\u015fl\u0131 G\u00f6l\u00fc say\u0131mlar\u0131n\u0131n ger\u00e7ekle\u015ftirdik. Hava \u015fartlar\u0131n\u0131n da iyi olmas\u0131 nedeniyle say\u0131mlar\u0131m\u0131z gayet rahat oldu&#8221; ifadelerini kulland\u0131.<\/p>\n<p>&#8220;Ku\u015f pop\u00fclasyonlar\u0131 ve sulak alan de\u011fi\u015fimleri izleniyor&#8221;<br \/>\n<br \/>Her y\u0131l d\u00fczenli olarak yap\u0131lan bu say\u0131mlar\u0131n nedenini de a\u00e7\u0131klayan Y\u0131lmaz, \u201cBiz her y\u0131l d\u00fczenli olarak d\u00fcnyan\u0131n bir\u00e7ok yerinde Avrupa ile birlikte e\u015fg\u00fcd\u00fcml\u00fc olarak ayn\u0131 zaman i\u00e7erisinde bu say\u0131mlar\u0131 yap\u0131yoruz. Bunun amac\u0131 ise sulak alanlar\u0131n ve su ku\u015flar\u0131 pop\u00fclasyonlar\u0131n\u0131n de\u011fi\u015fimlerini hem sulak alanlardaki hem ku\u015flardaki de\u011fi\u015fimleri takip etmek, onlar\u0131n pop\u00fclasyonlar\u0131 hakk\u0131nda bilgi edinmek ve bu veriler \u0131\u015f\u0131\u011f\u0131nda bu alanlarda ne gibi \u00f6nlemler al\u0131naca\u011f\u0131, ku\u015flarla ilgili ne gibi \u00f6nlemler al\u0131naca\u011f\u0131 konusunda bilgi edinmek. Ayn\u0131 zamanda D\u00fcnya Do\u011fa Koruma Birli\u011fi (IUCN) taraf\u0131ndan da bu ku\u015flar\u0131n koruma stat\u00fcleri de\u011ferlendiriliyor ve daha sonra bunlar y\u00f6neticiler taraf\u0131ndan, \u00fclkeler taraf\u0131ndan ku\u015flar\u0131n gelece\u011fi ile ilgili al\u0131nan kararlarda kullan\u0131lmaktad\u0131r\u201d a\u00e7\u0131klamas\u0131nda bulundu.<\/p>\n<p>&#8220;Su ku\u015flar\u0131n\u0131n k\u0131\u015f d\u00f6nemindeki hareketsizli\u011fi say\u0131mlar\u0131 kolayla\u015ft\u0131r\u0131yor&#8221;<br \/>\n<br \/>Avc\u0131l\u0131k ve Yaban Hayat\u0131 Koruma \u015eube M\u00fcd\u00fcr\u00fc Tamer Y\u0131lmaz say\u0131mlar\u0131n neden bu d\u00f6nemde yap\u0131ld\u0131\u011f\u0131na da a\u00e7\u0131kl\u0131k getirdi\u011fi konu\u015fmas\u0131nda, \u201cSu ku\u015flar\u0131 k\u0131\u015f\u0131n \u00e7ok so\u011fuk ortamlarda besin bulamad\u0131klar\u0131 i\u00e7in besin bulabilecekleri bu t\u00fcr alanlara gelerek bir araya toplanmakta ve onlar daha hareketsiz olduklar\u0131 i\u00e7in bu d\u00f6nemde ve toplu halde olduklar\u0131 i\u00e7in bu d\u00f6nemde say\u0131lmas\u0131 daha uygun oluyor. Biz yakla\u015f\u0131k olarak 16 sulak alan\u0131 sayaca\u011f\u0131z. Ge\u00e7ti\u011fimiz y\u0131lda da 16 sulak alanda 58 farkl\u0131 t\u00fcrden 350 bin civar\u0131nda su ku\u015fu say\u0131m\u0131 yapm\u0131\u015ft\u0131k. Bu y\u0131l say\u0131mlar devam etti\u011fi i\u00e7in bu 16 g\u00f6lde rakamlar ne \u00e7\u0131kar onu \u015fu anda bilmiyoruz ama say\u0131m\u0131n bitiminde bir raporlama yapaca\u011f\u0131z ve bu raporlama sonucunda tekrar bir de\u011ferlendirme yapm\u0131\u015f olaca\u011f\u0131z\u201d dedi.<\/p>\n<p>&#8220;Ekosistemdeki bozulma ku\u015f pop\u00fclasyonlar\u0131na yans\u0131yor&#8221;<br \/>\n<br \/>\u00dclkemizde g\u00f6r\u00fclen iklim de\u011fi\u015fikli\u011fi nedeniyle ya\u015fanan kurakl\u0131k ile birlikte sulardaki azalmalar\u0131n su ku\u015flar\u0131n\u0131n say\u0131s\u0131na da b\u00fcy\u00fck etki etti\u011fini belirten Mehmet Akif Ersoy \u00dcniversitesi Fen Edebiyat Fak\u00fcltesi Biyoloji B\u00f6l\u00fcm\u00fc Hidrobiyoloji Ana Bilim Dal\u0131 \u00d6\u011fretim \u00dcyesi Prof. Dr. \u0130skender G\u00fclle, \u201c2000\u2019li y\u0131llar\u0131n ba\u015f\u0131nda Burdur G\u00f6l\u00fc\u2019nde bir \u00e7al\u0131\u015fmam\u0131z vard\u0131. O zaman Burdur G\u00f6l\u00fc\u2019nde 100 binin \u00fczerinde su ku\u015f vard\u0131. Zaten o d\u00f6nemlerin k\u0131\u015f ortas\u0131 su ku\u015fu say\u0131mlar\u0131na bak\u0131ld\u0131\u011f\u0131 zaman toplam ku\u015f pop\u00fclasyonunun 100 binin \u00fczerinde oldu\u011funu g\u00f6r\u00fcyoruz. \u015eu anda art\u0131k bu say\u0131 binlerle ifade ediliyor, 10 bini bile bulmuyor. B\u00f6yle olunca ortada yanl\u0131\u015f giden bir \u015feyler oldu\u011funu, ters giden bir \u015feylerin oldu\u011funu g\u00f6r\u00fcyoruz. Etrafta g\u00f6rd\u00fc\u011f\u00fcm\u00fcz canl\u0131lar asl\u0131nda bulundu\u011fumuz b\u00f6lgedeki ekosistemin bir g\u00f6stergesidir. Bunlar ku\u015f olur, kelebek olur, ar\u0131 olur, e\u011fer su i\u00e7erisinde ise bal\u0131k olur, bitki olur. Demek ki Burdur G\u00f6l\u00fc\u2018nde art\u0131k bir \u015feyler normal gitmiyor ya da olumsuz, ters giden bir \u015feyler var. Bunu \u00f6nce ku\u015flar hissediyor ve eskisi kadar ku\u015f pop\u00fclasyonu bar\u0131nd\u0131rm\u0131yor Burdur G\u00f6l\u00fc. Bunun birka\u00e7 nedeni olabilir; birincisi eskiden k\u0131\u015flar sert ge\u00e7ti\u011fi i\u00e7in \u00e7evredeki tatl\u0131 su g\u00f6lleri donard\u0131 ama Burdur G\u00f6l\u00fc tuzlu oldu\u011fu i\u00e7in donmazd\u0131. O nedenle k\u0131\u015f aylar\u0131 Burdur G\u00f6l\u00fc daha cazip hale geliyordu di\u011fer g\u00f6llere g\u00f6re. Onun i\u00e7in belki ku\u015f t\u00fcr\u00fcn\u00fc fazla say\u0131yorduk. Tabii eskiden bir de g\u00f6l seviyesi s\u00fcrekli daha stabil oldu\u011fu i\u00e7in canl\u0131lar a\u00e7\u0131s\u0131ndan daha cazip ortamlar sunuyordu. Akarsular g\u00f6le besin ta\u015f\u0131yordu, tatl\u0131 su giri\u015fleri canl\u0131 say\u0131s\u0131nda bir art\u0131\u015f sa\u011fl\u0131yordu. \u015eu anda giderek k\u00fc\u00e7\u00fclen, \u00e7ekilen, k\u0131y\u0131lar\u0131 her y\u0131l de\u011fi\u015fen bir g\u00f6l ile, ekosistem ile kar\u015f\u0131 kar\u015f\u0131yay\u0131z. Bunun sonucunda da ba\u015fta ku\u015f pop\u00fclasyonu olmak \u00fczere \u00f6nemli de\u011fi\u015fimleri g\u00f6r\u00fcyoruz\u201d ifadelerini kulland\u0131.<br \/><\/p>\n","protected":false},"excerpt":{"rendered":"<p>Do\u011fa Koruma ve Milli Parklar (DKMP) Genel M\u00fcd\u00fcrl\u00fc\u011f\u00fc taraf\u0131ndan her y\u0131l d\u00fczenli olarak ger\u00e7ekle\u015ftirilen k\u0131\u015f ortas\u0131 su ku\u015fu say\u0131mlar\u0131, sulak alan ekosistemlerindeki de\u011fi\u015fimleri ve su ku\u015fu pop\u00fclasyonlar\u0131n\u0131 izlemek i\u00e7in kritik bir rol oynuyor. Ancak iklim de\u011fi\u015fikli\u011fi ve kurakl\u0131k, \u00f6zellikle Burdur G\u00f6l\u00fc gibi alanlarda ku\u015f pop\u00fclasyonlar\u0131nda dramatik d\u00fc\u015f\u00fc\u015flere neden oluyor. Do\u011fa Koruma ve Milli Parklar Genel&#8230;<\/p>\n","protected":false},"author":1,"featured_media":11314,"comment_status":"open","ping_status":"open","sticky":false,"template":"","format":"standard","meta":{"_crdt_document":"","footnotes":""},"categories":[1],"tags":[],"class_list":["post-11313","post","type-post","status-publish","format-standard","has-post-thumbnail","hentry","category-guncel"],"_links":{"self":[{"href":"https:\/\/www.egemtv.com\/index.php?rest_route=\/wp\/v2\/posts\/11313","targetHints":{"allow":["GET"]}}],"collection":[{"href":"https:\/\/www.egemtv.com\/index.php?rest_route=\/wp\/v2\/posts"}],"about":[{"href":"https:\/\/www.egemtv.com\/index.php?rest_route=\/wp\/v2\/types\/post"}],"author":[{"embeddable":true,"href":"https:\/\/www.egemtv.com\/index.php?rest_route=\/wp\/v2\/users\/1"}],"replies":[{"embeddable":true,"href":"https:\/\/www.egemtv.com\/index.php?rest_route=%2Fwp%2Fv2%2Fcomments&post=11313"}],"version-history":[{"count":1,"href":"https:\/\/www.egemtv.com\/index.php?rest_route=\/wp\/v2\/posts\/11313\/revisions"}],"predecessor-version":[{"id":11315,"href":"https:\/\/www.egemtv.com\/index.php?rest_route=\/wp\/v2\/posts\/11313\/revisions\/11315"}],"wp:featuredmedia":[{"embeddable":true,"href":"https:\/\/www.egemtv.com\/index.php?rest_route=\/wp\/v2\/media\/11314"}],"wp:attachment":[{"href":"https:\/\/www.egemtv.com\/index.php?rest_route=%2Fwp%2Fv2%2Fmedia&parent=11313"}],"wp:term":[{"taxonomy":"category","embeddable":true,"href":"https:\/\/www.egemtv.com\/index.php?rest_route=%2Fwp%2Fv2%2Fcategories&post=11313"},{"taxonomy":"post_tag","embeddable":true,"href":"https:\/\/www.egemtv.com\/index.php?rest_route=%2Fwp%2Fv2%2Ftags&post=11313"}],"curies":[{"name":"wp","href":"https:\/\/api.w.org\/{rel}","templated":true}]}}